{"id":67756,"date":"2025-04-15T15:05:02","date_gmt":"2025-04-15T18:05:02","guid":{"rendered":"https:\/\/crarn.org.br\/?p=67756"},"modified":"2025-04-15T15:05:03","modified_gmt":"2025-04-15T18:05:03","slug":"cra-rn-realiza-plenaria-de-abril-com-destaque-para-acoes-estrategicas-e-reconhecimento-de-iniciativas","status":"publish","type":"post","link":"https:\/\/crarn.org.br\/?p=67756","title":{"rendered":"CRA-RN realiza plen\u00e1ria de abril com destaque para a\u00e7\u00f5es estrat\u00e9gicas e reconhecimento de iniciativas"},"content":{"rendered":"\n<p>O Conselho Regional de Administra\u00e7\u00e3o do Rio Grande do Norte (CRA-RN) realizou, nesta segunda-feira (14\/04), sua reuni\u00e3o plen\u00e1ria do m\u00eas de abril, com a presen\u00e7a dos conselheiros titulares e suplentes, tanto presencial quanto remotamente. A reuni\u00e3o foi conduzida pelo presidente, Adm. Fl\u00e1vio Em\u00edlio Cavalcanti, que abriu os trabalhos agradecendo a participa\u00e7\u00e3o de todos e destacando o sucesso da edi\u00e7\u00e3o de abril do Desenvolve ADM, coordenada pela conselheira Adm. L\u00edgia Rebou\u00e7as, que contou com participantes de outros estados.<\/p>\n<p>Durante a plen\u00e1ria, foram abordadas pautas estrat\u00e9gicas como a realiza\u00e7\u00e3o do Workshop de Gest\u00e3o P\u00fablica, previsto para o segundo semestre, a ades\u00e3o \u00e0 Rede de Parcerias, a nomea\u00e7\u00e3o de representantes em cidades do estado e os principais pontos debatidos no 2\u00ba F\u00f3rum de Presidentes, do qual o CRA-RN participou.<\/p>\n<p>O vice-presidente, Adm. Cl\u00e1udio Henrique Bessa de Menezes, apresentou temas relacionados ao PRODER, processos \u00e9ticos e a\u00e7\u00f5es de marketing.<\/p>\n<p>Em seguida, os diretores relataram as atividades de suas pastas. A diretora Adm. C\u00e9lia Ribeiro destacou a an\u00e1lise de receitas, despesas, balan\u00e7os e dados fiscais. Adm. Kate Maciel trouxe informa\u00e7\u00f5es sobre Encontro Nacional de Diretores de Fiscaliza\u00e7\u00e3o, visita T\u00e9cnica do Fiscal, Adm. F\u00e1bio Maia ao CRA-SP. Adm. Alice Dantas abordou a\u00e7\u00f5es de forma\u00e7\u00e3o profissional e eventos educacionais, incluindo palestras, cola\u00e7\u00f5es de grau e o Desenvolve ADM voltado a indicadores de desempenho.<\/p>\n<p>Por fim, o diretor Adm. Leonardo Lima apresentou o projeto da Corrida\/Caminhada do Administrador, prevista para setembro.<\/p>\n<p>A reuni\u00e3o foi encerrada com a relatoria de processos e informes do CFA.<\/p>\n<p>\u00a0<\/p>\n<p>\u00a0<\/p>\n<button class=\"simplefavorite-button\" data-postid=\"67756\" data-siteid=\"1\" data-groupid=\"1\" data-favoritecount=\"0\" style=\"\">Favorite <i class=\"sf-icon-star-empty\"><\/i><\/button>","protected":false},"excerpt":{"rendered":"<p>O Conselho Regional de Administra\u00e7\u00e3o do Rio Grande do Norte (CRA-RN) realizou, nesta segunda-feira (14\/04), sua reuni\u00e3o plen\u00e1ria do m\u00eas de abril, com a presen\u00e7a dos conselheiros titulares e suplentes, tanto presencial quanto remotamente. A reuni\u00e3o foi conduzida pelo presidente, Adm. Fl\u00e1vio Em\u00edlio Cavalcanti, que abriu os trabalhos agradecendo a participa\u00e7\u00e3o de todos e destacando<a class=\"read-more\" href=\"https:\/\/crarn.org.br\/?p=67756\"> [&hellip;]<\/a><\/p>\n","protected":false},"author":26,"featured_media":67757,"comment_status":"closed","ping_status":"open","sticky":false,"template":"","format":"standard","meta":{"_price":"","_stock":"","_tribe_ticket_header":"","_tribe_default_ticket_provider":"","_tribe_ticket_capacity":"0","_ticket_start_date":"","_ticket_end_date":"","_tribe_ticket_show_description":"","_tribe_ticket_show_not_going":false,"_tribe_ticket_use_global_stock":"","_tribe_ticket_global_stock_level":"","_global_stock_mode":"","_global_stock_cap":"","_tribe_rsvp_for_event":"","_tribe_ticket_going_count":"","_tribe_ticket_not_going_count":"","_tribe_tickets_list":"[]","_tribe_ticket_has_attendee_info_fields":false,"footnotes":"","_links_to":"","_links_to_target":""},"categories":[585,312,320,399,309],"tags":[],"class_list":["post-67756","post","type-post","status-publish","format-standard","has-post-thumbnail","hentry","category-ano-2025","category-destaque-pequeno-inferior","category-home","category-institucional","category-ultimas-noticias","entry","has-media"],"_links":{"self":[{"href":"https:\/\/crarn.org.br\/index.php?rest_route=\/wp\/v2\/posts\/67756","targetHints":{"allow":["GET"]}}],"collection":[{"href":"https:\/\/crarn.org.br\/index.php?rest_route=\/wp\/v2\/posts"}],"about":[{"href":"https:\/\/crarn.org.br\/index.php?rest_route=\/wp\/v2\/types\/post"}],"author":[{"embeddable":true,"href":"https:\/\/crarn.org.br\/index.php?rest_route=\/wp\/v2\/users\/26"}],"replies":[{"embeddable":true,"href":"https:\/\/crarn.org.br\/index.php?rest_route=%2Fwp%2Fv2%2Fcomments&post=67756"}],"version-history":[{"count":1,"href":"https:\/\/crarn.org.br\/index.php?rest_route=\/wp\/v2\/posts\/67756\/revisions"}],"predecessor-version":[{"id":67758,"href":"https:\/\/crarn.org.br\/index.php?rest_route=\/wp\/v2\/posts\/67756\/revisions\/67758"}],"wp:featuredmedia":[{"embeddable":true,"href":"https:\/\/crarn.org.br\/index.php?rest_route=\/wp\/v2\/media\/67757"}],"wp:attachment":[{"href":"https:\/\/crarn.org.br\/index.php?rest_route=%2Fwp%2Fv2%2Fmedia&parent=67756"}],"wp:term":[{"taxonomy":"category","embeddable":true,"href":"https:\/\/crarn.org.br\/index.php?rest_route=%2Fwp%2Fv2%2Fcategories&post=67756"},{"taxonomy":"post_tag","embeddable":true,"href":"https:\/\/crarn.org.br\/index.php?rest_route=%2Fwp%2Fv2%2Ftags&post=67756"}],"curies":[{"name":"wp","href":"https:\/\/api.w.org\/{rel}","templated":true}]}}