{"id":67747,"date":"2025-04-11T16:12:40","date_gmt":"2025-04-11T19:12:40","guid":{"rendered":"https:\/\/crarn.org.br\/?p=67747"},"modified":"2025-04-11T16:12:40","modified_gmt":"2025-04-11T19:12:40","slug":"primeira-noite-do-curso-desenvolve-adm-sobre-contratos-e-licitacoes-traz-conhecimentos-teoricos-e-dinamicas","status":"publish","type":"post","link":"https:\/\/crarn.org.br\/?p=67747","title":{"rendered":"Primeira noite do curso \u201cDesenvolve ADM\u201d sobre Contratos e Licita\u00e7\u00f5es traz conhecimentos te\u00f3ricos e din\u00e2micas"},"content":{"rendered":"\n<p>Come\u00e7ou na noite desta quarta-feira (10) o curso <em>Desenvolve ADM com o tema Contratos e Licita\u00e7\u00f5es<\/em>, promovido pelo CRA-RN. Com a condu\u00e7\u00e3o da especialista e conselheira Adm. L\u00edgia Rebou\u00e7as, o primeiro encontro trouxe os conhecimentos te\u00f3ricos, envolvendo a Lei de Licita\u00e7\u00f5es e din\u00e2micas de visualiza\u00e7\u00f5es de editais e plataformas utilizadas no universo do seguimento.<\/p>\n<p>A forma\u00e7\u00e3o, 100% online, reuniu cerca de 25 profissionais entre estudantes e profissionais da \u00e1rea e destacou pontos essenciais para quem atua ou pretende atuar em processos licitat\u00f3rios.<\/p>\n<p>A instrutora destacou a diversidade do n\u00edvel de conhecimento dos participantes.\u201d Acredito que foi tanto uma reciclagem, para alguns participantes, como um momento inicial para abrir novas oportunidades para novos profissionais interessados em atuarem nesta \u00e1rea\u201d, afirmou.<\/p>\n<p>Hoje, no segundo dia do curso, o conte\u00fado ser\u00e1 sobre contratos.<\/p>\n<button class=\"simplefavorite-button\" data-postid=\"67747\" data-siteid=\"1\" data-groupid=\"1\" data-favoritecount=\"0\" style=\"\">Favorite <i class=\"sf-icon-star-empty\"><\/i><\/button>","protected":false},"excerpt":{"rendered":"<p>Come\u00e7ou na noite desta quarta-feira (10) o curso Desenvolve ADM com o tema Contratos e Licita\u00e7\u00f5es, promovido pelo CRA-RN. Com a condu\u00e7\u00e3o da especialista e conselheira Adm. L\u00edgia Rebou\u00e7as, o primeiro encontro trouxe os conhecimentos te\u00f3ricos, envolvendo a Lei de Licita\u00e7\u00f5es e din\u00e2micas de visualiza\u00e7\u00f5es de editais e plataformas utilizadas no universo do seguimento. A<a class=\"read-more\" href=\"https:\/\/crarn.org.br\/?p=67747\"> [&hellip;]<\/a><\/p>\n","protected":false},"author":26,"featured_media":67748,"comment_status":"closed","ping_status":"open","sticky":false,"template":"","format":"standard","meta":{"_price":"","_stock":"","_tribe_ticket_header":"","_tribe_default_ticket_provider":"","_tribe_ticket_capacity":"0","_ticket_start_date":"","_ticket_end_date":"","_tribe_ticket_show_description":"","_tribe_ticket_show_not_going":false,"_tribe_ticket_use_global_stock":"","_tribe_ticket_global_stock_level":"","_global_stock_mode":"","_global_stock_cap":"","_tribe_rsvp_for_event":"","_tribe_ticket_going_count":"","_tribe_ticket_not_going_count":"","_tribe_tickets_list":"[]","_tribe_ticket_has_attendee_info_fields":false,"footnotes":"","_links_to":"","_links_to_target":""},"categories":[585,311,320,309],"tags":[],"class_list":["post-67747","post","type-post","status-publish","format-standard","has-post-thumbnail","hentry","category-ano-2025","category-destaque-pequeno-superior","category-home","category-ultimas-noticias","entry","has-media"],"_links":{"self":[{"href":"https:\/\/crarn.org.br\/index.php?rest_route=\/wp\/v2\/posts\/67747","targetHints":{"allow":["GET"]}}],"collection":[{"href":"https:\/\/crarn.org.br\/index.php?rest_route=\/wp\/v2\/posts"}],"about":[{"href":"https:\/\/crarn.org.br\/index.php?rest_route=\/wp\/v2\/types\/post"}],"author":[{"embeddable":true,"href":"https:\/\/crarn.org.br\/index.php?rest_route=\/wp\/v2\/users\/26"}],"replies":[{"embeddable":true,"href":"https:\/\/crarn.org.br\/index.php?rest_route=%2Fwp%2Fv2%2Fcomments&post=67747"}],"version-history":[{"count":1,"href":"https:\/\/crarn.org.br\/index.php?rest_route=\/wp\/v2\/posts\/67747\/revisions"}],"predecessor-version":[{"id":67749,"href":"https:\/\/crarn.org.br\/index.php?rest_route=\/wp\/v2\/posts\/67747\/revisions\/67749"}],"wp:featuredmedia":[{"embeddable":true,"href":"https:\/\/crarn.org.br\/index.php?rest_route=\/wp\/v2\/media\/67748"}],"wp:attachment":[{"href":"https:\/\/crarn.org.br\/index.php?rest_route=%2Fwp%2Fv2%2Fmedia&parent=67747"}],"wp:term":[{"taxonomy":"category","embeddable":true,"href":"https:\/\/crarn.org.br\/index.php?rest_route=%2Fwp%2Fv2%2Fcategories&post=67747"},{"taxonomy":"post_tag","embeddable":true,"href":"https:\/\/crarn.org.br\/index.php?rest_route=%2Fwp%2Fv2%2Ftags&post=67747"}],"curies":[{"name":"wp","href":"https:\/\/api.w.org\/{rel}","templated":true}]}}