{"id":67742,"date":"2025-04-11T14:22:13","date_gmt":"2025-04-11T17:22:13","guid":{"rendered":"https:\/\/crarn.org.br\/?p=67742"},"modified":"2025-04-11T15:48:26","modified_gmt":"2025-04-11T18:48:26","slug":"cra-rn-marca-prsenca-no-seminario-da-fetronor-sobre-o-futuro-do-transporte-de-passageiros","status":"publish","type":"post","link":"https:\/\/crarn.org.br\/?p=67742","title":{"rendered":"CRA-RN marca presen\u00e7a no Semin\u00e1rio da Fetronor sobre o Futuro do Transporte de Passageiros"},"content":{"rendered":"\n<p>A Diretora de Forma\u00e7\u00e3o Profissional do CRA-RN, Adm. Alice Dantas, representou o regional, nesta sexta-feira (11), no semin\u00e1rio <em>\u201cCaminhos do Futuro: Desafios e Oportunidades no Transporte de Passageiros\u201d<\/em>, evento estrat\u00e9gico para o setor de mobilidade e transporte.<\/p>\n<p>Promovido pela Federa\u00e7\u00e3o das Empresas de Transporte de Passageiros do Nordeste (Fetronor), o semin\u00e1rio celebrou os 50 anos da entidade e reuniu especialistas, gestores e lideran\u00e7as do setor no audit\u00f3rio do SEST SENAT, em Natal\/RN. A programa\u00e7\u00e3o contou com debates sobre sustentabilidade, mobilidade urbana e perspectivas econ\u00f4micas, com destaque para a palestra master sobre Economia, do ex-ministro da Fazenda, Mailson da N\u00f3brega.<\/p>\n<button class=\"simplefavorite-button\" data-postid=\"67742\" data-siteid=\"1\" data-groupid=\"1\" data-favoritecount=\"0\" style=\"\">Favorite <i class=\"sf-icon-star-empty\"><\/i><\/button>","protected":false},"excerpt":{"rendered":"<p>A Diretora de Forma\u00e7\u00e3o Profissional do CRA-RN, Adm. Alice Dantas, representou o regional, nesta sexta-feira (11), no semin\u00e1rio \u201cCaminhos do Futuro: Desafios e Oportunidades no Transporte de Passageiros\u201d, evento estrat\u00e9gico para o setor de mobilidade e transporte. Promovido pela Federa\u00e7\u00e3o das Empresas de Transporte de Passageiros do Nordeste (Fetronor), o semin\u00e1rio celebrou os 50 anos<a class=\"read-more\" href=\"https:\/\/crarn.org.br\/?p=67742\"> [&hellip;]<\/a><\/p>\n","protected":false},"author":26,"featured_media":67744,"comment_status":"closed","ping_status":"open","sticky":false,"template":"","format":"standard","meta":{"_price":"","_stock":"","_tribe_ticket_header":"","_tribe_default_ticket_provider":"","_tribe_ticket_capacity":"0","_ticket_start_date":"","_ticket_end_date":"","_tribe_ticket_show_description":"","_tribe_ticket_show_not_going":false,"_tribe_ticket_use_global_stock":"","_tribe_ticket_global_stock_level":"","_global_stock_mode":"","_global_stock_cap":"","_tribe_rsvp_for_event":"","_tribe_ticket_going_count":"","_tribe_ticket_not_going_count":"","_tribe_tickets_list":"[]","_tribe_ticket_has_attendee_info_fields":false,"footnotes":"","_links_to":"","_links_to_target":""},"categories":[585,312,320,399,309],"tags":[],"class_list":["post-67742","post","type-post","status-publish","format-standard","has-post-thumbnail","hentry","category-ano-2025","category-destaque-pequeno-inferior","category-home","category-institucional","category-ultimas-noticias","entry","has-media"],"_links":{"self":[{"href":"https:\/\/crarn.org.br\/index.php?rest_route=\/wp\/v2\/posts\/67742","targetHints":{"allow":["GET"]}}],"collection":[{"href":"https:\/\/crarn.org.br\/index.php?rest_route=\/wp\/v2\/posts"}],"about":[{"href":"https:\/\/crarn.org.br\/index.php?rest_route=\/wp\/v2\/types\/post"}],"author":[{"embeddable":true,"href":"https:\/\/crarn.org.br\/index.php?rest_route=\/wp\/v2\/users\/26"}],"replies":[{"embeddable":true,"href":"https:\/\/crarn.org.br\/index.php?rest_route=%2Fwp%2Fv2%2Fcomments&post=67742"}],"version-history":[{"count":3,"href":"https:\/\/crarn.org.br\/index.php?rest_route=\/wp\/v2\/posts\/67742\/revisions"}],"predecessor-version":[{"id":67746,"href":"https:\/\/crarn.org.br\/index.php?rest_route=\/wp\/v2\/posts\/67742\/revisions\/67746"}],"wp:featuredmedia":[{"embeddable":true,"href":"https:\/\/crarn.org.br\/index.php?rest_route=\/wp\/v2\/media\/67744"}],"wp:attachment":[{"href":"https:\/\/crarn.org.br\/index.php?rest_route=%2Fwp%2Fv2%2Fmedia&parent=67742"}],"wp:term":[{"taxonomy":"category","embeddable":true,"href":"https:\/\/crarn.org.br\/index.php?rest_route=%2Fwp%2Fv2%2Fcategories&post=67742"},{"taxonomy":"post_tag","embeddable":true,"href":"https:\/\/crarn.org.br\/index.php?rest_route=%2Fwp%2Fv2%2Ftags&post=67742"}],"curies":[{"name":"wp","href":"https:\/\/api.w.org\/{rel}","templated":true}]}}