{"id":67716,"date":"2025-04-04T15:21:55","date_gmt":"2025-04-04T18:21:55","guid":{"rendered":"https:\/\/crarn.org.br\/?p=67716"},"modified":"2025-04-04T15:21:56","modified_gmt":"2025-04-04T18:21:56","slug":"administrador-fiscal-do-cra-rn-participa-de-treinamento-no-cra-sp-para-aprimorar-fiscalizacao","status":"publish","type":"post","link":"https:\/\/crarn.org.br\/?p=67716","title":{"rendered":"Administrador Fiscal do CRA-RN participa de treinamento no CRA-SP para aprimorar fiscaliza\u00e7\u00e3o"},"content":{"rendered":"\n<p>O Administrador Fiscal do Conselho Regional de Administra\u00e7\u00e3o do Rio Grande do Norte (CRA-RN), <strong>Adm. F\u00e1bio Maia<\/strong>, realizou, esta semana, \u00a0uma visita t\u00e9cnica ao <strong>CRA-SP<\/strong> para conhecer de perto os m\u00e9todos e ferramentas utilizadas na fiscaliza\u00e7\u00e3o do regional paulista. O objetivo foi aprimorar os processos adotados pelo CRA-RN, garantindo maior efici\u00eancia na fiscaliza\u00e7\u00e3o das empresas prestadoras de servi\u00e7os na \u00e1rea da Administra\u00e7\u00e3o.<\/p>\n<p>Durante o treinamento, foram analisados quatro aspectos fundamentais do processo fiscalizat\u00f3rio:<\/p>\n<p>\u2714 <strong>Fluxograma da abertura processual<\/strong> \u2013 Observa\u00e7\u00e3o pr\u00e1tica de como s\u00e3o iniciados os processos de fiscaliza\u00e7\u00e3o de empresas prestadoras de servi\u00e7os, desde a identifica\u00e7\u00e3o at\u00e9 a formaliza\u00e7\u00e3o dos procedimentos.<\/p>\n<p>\u2714 <strong>Ferramentas de pesquisa<\/strong> \u2013 An\u00e1lise das plataformas e m\u00e9todos utilizados para verificar se uma empresa realmente exerce atividades dentro do campo da Administra\u00e7\u00e3o, garantindo conformidade com as exig\u00eancias profissionais.<\/p>\n<p>\u2714 <strong>Mensura\u00e7\u00e3o da efetividade<\/strong> \u2013 Avalia\u00e7\u00e3o dos crit\u00e9rios adotados para calcular o percentual de sucesso da fiscaliza\u00e7\u00e3o, comparando o n\u00famero de processos abertos com o total de empresas registradas como Pessoas Jur\u00eddicas no CRA-SP.<\/p>\n<p>\u2714 <strong>Condu\u00e7\u00e3o de evid\u00eancias<\/strong> \u2013 Revis\u00e3o da forma como s\u00e3o coletadas e apresentadas as provas dentro dos processos, assegurando que as evid\u00eancias sejam robustas e bem fundamentadas.<\/p>\n<p>A experi\u00eancia no CRA-SP proporcionou insights valiosos para otimizar a fiscaliza\u00e7\u00e3o do CRA-RN, fortalecendo as a\u00e7\u00f5es de regulamenta\u00e7\u00e3o e valoriza\u00e7\u00e3o da profiss\u00e3o de Administrador.<\/p>\n<button class=\"simplefavorite-button\" data-postid=\"67716\" data-siteid=\"1\" data-groupid=\"1\" data-favoritecount=\"0\" style=\"\">Favorite <i class=\"sf-icon-star-empty\"><\/i><\/button>","protected":false},"excerpt":{"rendered":"<p>O Administrador Fiscal do Conselho Regional de Administra\u00e7\u00e3o do Rio Grande do Norte (CRA-RN), Adm. F\u00e1bio Maia, realizou, esta semana, \u00a0uma visita t\u00e9cnica ao CRA-SP para conhecer de perto os m\u00e9todos e ferramentas utilizadas na fiscaliza\u00e7\u00e3o do regional paulista. O objetivo foi aprimorar os processos adotados pelo CRA-RN, garantindo maior efici\u00eancia na fiscaliza\u00e7\u00e3o das empresas<a class=\"read-more\" href=\"https:\/\/crarn.org.br\/?p=67716\"> [&hellip;]<\/a><\/p>\n","protected":false},"author":26,"featured_media":67717,"comment_status":"closed","ping_status":"open","sticky":false,"template":"","format":"standard","meta":{"_price":"","_stock":"","_tribe_ticket_header":"","_tribe_default_ticket_provider":"","_tribe_ticket_capacity":"0","_ticket_start_date":"","_ticket_end_date":"","_tribe_ticket_show_description":"","_tribe_ticket_show_not_going":false,"_tribe_ticket_use_global_stock":"","_tribe_ticket_global_stock_level":"","_global_stock_mode":"","_global_stock_cap":"","_tribe_rsvp_for_event":"","_tribe_ticket_going_count":"","_tribe_ticket_not_going_count":"","_tribe_tickets_list":"[]","_tribe_ticket_has_attendee_info_fields":false,"footnotes":"","_links_to":"","_links_to_target":""},"categories":[585,310,320,399,309],"tags":[],"class_list":["post-67716","post","type-post","status-publish","format-standard","has-post-thumbnail","hentry","category-ano-2025","category-destaque-grande","category-home","category-institucional","category-ultimas-noticias","entry","has-media"],"_links":{"self":[{"href":"https:\/\/crarn.org.br\/index.php?rest_route=\/wp\/v2\/posts\/67716","targetHints":{"allow":["GET"]}}],"collection":[{"href":"https:\/\/crarn.org.br\/index.php?rest_route=\/wp\/v2\/posts"}],"about":[{"href":"https:\/\/crarn.org.br\/index.php?rest_route=\/wp\/v2\/types\/post"}],"author":[{"embeddable":true,"href":"https:\/\/crarn.org.br\/index.php?rest_route=\/wp\/v2\/users\/26"}],"replies":[{"embeddable":true,"href":"https:\/\/crarn.org.br\/index.php?rest_route=%2Fwp%2Fv2%2Fcomments&post=67716"}],"version-history":[{"count":1,"href":"https:\/\/crarn.org.br\/index.php?rest_route=\/wp\/v2\/posts\/67716\/revisions"}],"predecessor-version":[{"id":67718,"href":"https:\/\/crarn.org.br\/index.php?rest_route=\/wp\/v2\/posts\/67716\/revisions\/67718"}],"wp:featuredmedia":[{"embeddable":true,"href":"https:\/\/crarn.org.br\/index.php?rest_route=\/wp\/v2\/media\/67717"}],"wp:attachment":[{"href":"https:\/\/crarn.org.br\/index.php?rest_route=%2Fwp%2Fv2%2Fmedia&parent=67716"}],"wp:term":[{"taxonomy":"category","embeddable":true,"href":"https:\/\/crarn.org.br\/index.php?rest_route=%2Fwp%2Fv2%2Fcategories&post=67716"},{"taxonomy":"post_tag","embeddable":true,"href":"https:\/\/crarn.org.br\/index.php?rest_route=%2Fwp%2Fv2%2Ftags&post=67716"}],"curies":[{"name":"wp","href":"https:\/\/api.w.org\/{rel}","templated":true}]}}