{"id":67705,"date":"2025-03-31T14:23:22","date_gmt":"2025-03-31T17:23:22","guid":{"rendered":"https:\/\/crarn.org.br\/?p=67705"},"modified":"2025-03-31T14:23:23","modified_gmt":"2025-03-31T17:23:23","slug":"estudantes-da-unp-participam-de-visita-tecnica-ao-cra-rn","status":"publish","type":"post","link":"https:\/\/crarn.org.br\/?p=67705","title":{"rendered":"Estudantes da UnP participam de visita t\u00e9cnica ao CRA-RN"},"content":{"rendered":"\n<p>Na manh\u00e3 desta segunda-feira, o <strong>Conselho Regional de Administra\u00e7\u00e3o do Rio Grande do Norte (CRA-RN)<\/strong> recebeu a visita t\u00e9cnica de uma nova turma de estudantes do curso de Administra\u00e7\u00e3o da <strong>Universidade Potiguar (UnP)<\/strong>. O grupo esteve acompanhado da professora <strong>Adm. Alice Dantas<\/strong>, diretora de Forma\u00e7\u00e3o Profissional do CRA-RN.<\/p>\n<p>Durante a visita, os alunos participaram de uma <strong>palestra ministrada pela coordenadora de Fiscaliza\u00e7\u00e3o, Adm. Tatiana Costa Pinto<\/strong>, que abordou temas essenciais para a forma\u00e7\u00e3o e atua\u00e7\u00e3o dos futuros administradores. Foram discutidas quest\u00f5es sobre o mercado de trabalho, tend\u00eancias da profiss\u00e3o, compet\u00eancias necess\u00e1rias para se destacar na \u00e1rea, al\u00e9m do cen\u00e1rio atual da Administra\u00e7\u00e3o.<\/p>\n<p>A palestra tamb\u00e9m trouxe informa\u00e7\u00f5es sobre as a\u00e7\u00f5es de <strong>fiscaliza\u00e7\u00e3o do CRA-RN<\/strong>, que garantem o cumprimento da legisla\u00e7\u00e3o e a valoriza\u00e7\u00e3o dos profissionais da Administra\u00e7\u00e3o. O encontro proporcionou aos estudantes um importante momento de aprendizado e aproxima\u00e7\u00e3o com o Conselho, refor\u00e7ando a import\u00e2ncia da atua\u00e7\u00e3o profissional dentro das normas e boas pr\u00e1ticas da \u00e1rea.<\/p>\n<p>\u00a0<\/p>\n<button class=\"simplefavorite-button\" data-postid=\"67705\" data-siteid=\"1\" data-groupid=\"1\" data-favoritecount=\"0\" style=\"\">Favorite <i class=\"sf-icon-star-empty\"><\/i><\/button>","protected":false},"excerpt":{"rendered":"<p>Na manh\u00e3 desta segunda-feira, o Conselho Regional de Administra\u00e7\u00e3o do Rio Grande do Norte (CRA-RN) recebeu a visita t\u00e9cnica de uma nova turma de estudantes do curso de Administra\u00e7\u00e3o da Universidade Potiguar (UnP). O grupo esteve acompanhado da professora Adm. Alice Dantas, diretora de Forma\u00e7\u00e3o Profissional do CRA-RN. Durante a visita, os alunos participaram de<a class=\"read-more\" href=\"https:\/\/crarn.org.br\/?p=67705\"> [&hellip;]<\/a><\/p>\n","protected":false},"author":26,"featured_media":67706,"comment_status":"closed","ping_status":"open","sticky":false,"template":"","format":"standard","meta":{"_price":"","_stock":"","_tribe_ticket_header":"","_tribe_default_ticket_provider":"","_tribe_ticket_capacity":"0","_ticket_start_date":"","_ticket_end_date":"","_tribe_ticket_show_description":"","_tribe_ticket_show_not_going":false,"_tribe_ticket_use_global_stock":"","_tribe_ticket_global_stock_level":"","_global_stock_mode":"","_global_stock_cap":"","_tribe_rsvp_for_event":"","_tribe_ticket_going_count":"","_tribe_ticket_not_going_count":"","_tribe_tickets_list":"[]","_tribe_ticket_has_attendee_info_fields":false,"footnotes":"","_links_to":"","_links_to_target":""},"categories":[585,312,320,399,309],"tags":[],"class_list":["post-67705","post","type-post","status-publish","format-standard","has-post-thumbnail","hentry","category-ano-2025","category-destaque-pequeno-inferior","category-home","category-institucional","category-ultimas-noticias","entry","has-media"],"_links":{"self":[{"href":"https:\/\/crarn.org.br\/index.php?rest_route=\/wp\/v2\/posts\/67705","targetHints":{"allow":["GET"]}}],"collection":[{"href":"https:\/\/crarn.org.br\/index.php?rest_route=\/wp\/v2\/posts"}],"about":[{"href":"https:\/\/crarn.org.br\/index.php?rest_route=\/wp\/v2\/types\/post"}],"author":[{"embeddable":true,"href":"https:\/\/crarn.org.br\/index.php?rest_route=\/wp\/v2\/users\/26"}],"replies":[{"embeddable":true,"href":"https:\/\/crarn.org.br\/index.php?rest_route=%2Fwp%2Fv2%2Fcomments&post=67705"}],"version-history":[{"count":1,"href":"https:\/\/crarn.org.br\/index.php?rest_route=\/wp\/v2\/posts\/67705\/revisions"}],"predecessor-version":[{"id":67707,"href":"https:\/\/crarn.org.br\/index.php?rest_route=\/wp\/v2\/posts\/67705\/revisions\/67707"}],"wp:featuredmedia":[{"embeddable":true,"href":"https:\/\/crarn.org.br\/index.php?rest_route=\/wp\/v2\/media\/67706"}],"wp:attachment":[{"href":"https:\/\/crarn.org.br\/index.php?rest_route=%2Fwp%2Fv2%2Fmedia&parent=67705"}],"wp:term":[{"taxonomy":"category","embeddable":true,"href":"https:\/\/crarn.org.br\/index.php?rest_route=%2Fwp%2Fv2%2Fcategories&post=67705"},{"taxonomy":"post_tag","embeddable":true,"href":"https:\/\/crarn.org.br\/index.php?rest_route=%2Fwp%2Fv2%2Ftags&post=67705"}],"curies":[{"name":"wp","href":"https:\/\/api.w.org\/{rel}","templated":true}]}}