{"id":67702,"date":"2025-03-28T10:53:45","date_gmt":"2025-03-28T13:53:45","guid":{"rendered":"https:\/\/crarn.org.br\/?p=67702"},"modified":"2025-03-28T10:53:46","modified_gmt":"2025-03-28T13:53:46","slug":"estudantes-de-administracao-da-unp-realizam-visita-tecnica-ao-cra-rn","status":"publish","type":"post","link":"https:\/\/crarn.org.br\/?p=67702","title":{"rendered":"Estudantes de Administra\u00e7\u00e3o da UnP realizam visita t\u00e9cnica ao CRA-RN"},"content":{"rendered":"\n<p>Na manh\u00e3 desta quarta-feira, estudantes do curso de Administra\u00e7\u00e3o da Universidade Potiguar (UnP), do 1\u00ba ao 4\u00ba per\u00edodo, participaram de uma visita t\u00e9cnica ao Conselho Regional de Administra\u00e7\u00e3o do Rio Grande do Norte (CRA-RN). O grupo foi recepcionado pela diretora de forma\u00e7\u00e3o profissional, Adm. Alice Dantas, e pelo vice-presidente da institui\u00e7\u00e3o, Adm. Cl\u00e1udio Henrique Bessa de Menezes.<\/p>\n<p>Durante a visita, os estudantes tiveram a oportunidade de conhecer mais sobre o funcionamento do conselho, sua import\u00e2ncia para a categoria e as principais atividades desenvolvidas. O vice-presidente, Adm. Cl\u00e1udio Henrique Bessa de Menezes, conduziu uma palestra esclarecedora, abordando temas como o papel do CRA-RN na regulamenta\u00e7\u00e3o da profiss\u00e3o, as oportunidades de mercado para os futuros administradores e a import\u00e2ncia do registro profissional.<\/p>\n<p>A visita t\u00e9cnica proporcionou aos estudantes uma vis\u00e3o pr\u00e1tica sobre a atua\u00e7\u00e3o do Conselho e sua relev\u00e2ncia para o fortalecimento da Administra\u00e7\u00e3o como profiss\u00e3o. A iniciativa refor\u00e7a a import\u00e2ncia do contato entre os acad\u00eamicos e as entidades representativas, contribuindo para a forma\u00e7\u00e3o profissional e o desenvolvimento de futuras carreiras na \u00e1rea.<\/p>\n<p>\u00a0<\/p>\n<button class=\"simplefavorite-button\" data-postid=\"67702\" data-siteid=\"1\" data-groupid=\"1\" data-favoritecount=\"0\" style=\"\">Favorite <i class=\"sf-icon-star-empty\"><\/i><\/button>","protected":false},"excerpt":{"rendered":"<p>Na manh\u00e3 desta quarta-feira, estudantes do curso de Administra\u00e7\u00e3o da Universidade Potiguar (UnP), do 1\u00ba ao 4\u00ba per\u00edodo, participaram de uma visita t\u00e9cnica ao Conselho Regional de Administra\u00e7\u00e3o do Rio Grande do Norte (CRA-RN). O grupo foi recepcionado pela diretora de forma\u00e7\u00e3o profissional, Adm. Alice Dantas, e pelo vice-presidente da institui\u00e7\u00e3o, Adm. Cl\u00e1udio Henrique Bessa<a class=\"read-more\" href=\"https:\/\/crarn.org.br\/?p=67702\"> [&hellip;]<\/a><\/p>\n","protected":false},"author":26,"featured_media":67703,"comment_status":"closed","ping_status":"open","sticky":false,"template":"","format":"standard","meta":{"_price":"","_stock":"","_tribe_ticket_header":"","_tribe_default_ticket_provider":"","_tribe_ticket_capacity":"0","_ticket_start_date":"","_ticket_end_date":"","_tribe_ticket_show_description":"","_tribe_ticket_show_not_going":false,"_tribe_ticket_use_global_stock":"","_tribe_ticket_global_stock_level":"","_global_stock_mode":"","_global_stock_cap":"","_tribe_rsvp_for_event":"","_tribe_ticket_going_count":"","_tribe_ticket_not_going_count":"","_tribe_tickets_list":"[]","_tribe_ticket_has_attendee_info_fields":false,"footnotes":"","_links_to":"","_links_to_target":""},"categories":[585,312,320,399,309],"tags":[],"class_list":["post-67702","post","type-post","status-publish","format-standard","has-post-thumbnail","hentry","category-ano-2025","category-destaque-pequeno-inferior","category-home","category-institucional","category-ultimas-noticias","entry","has-media"],"_links":{"self":[{"href":"https:\/\/crarn.org.br\/index.php?rest_route=\/wp\/v2\/posts\/67702","targetHints":{"allow":["GET"]}}],"collection":[{"href":"https:\/\/crarn.org.br\/index.php?rest_route=\/wp\/v2\/posts"}],"about":[{"href":"https:\/\/crarn.org.br\/index.php?rest_route=\/wp\/v2\/types\/post"}],"author":[{"embeddable":true,"href":"https:\/\/crarn.org.br\/index.php?rest_route=\/wp\/v2\/users\/26"}],"replies":[{"embeddable":true,"href":"https:\/\/crarn.org.br\/index.php?rest_route=%2Fwp%2Fv2%2Fcomments&post=67702"}],"version-history":[{"count":1,"href":"https:\/\/crarn.org.br\/index.php?rest_route=\/wp\/v2\/posts\/67702\/revisions"}],"predecessor-version":[{"id":67704,"href":"https:\/\/crarn.org.br\/index.php?rest_route=\/wp\/v2\/posts\/67702\/revisions\/67704"}],"wp:featuredmedia":[{"embeddable":true,"href":"https:\/\/crarn.org.br\/index.php?rest_route=\/wp\/v2\/media\/67703"}],"wp:attachment":[{"href":"https:\/\/crarn.org.br\/index.php?rest_route=%2Fwp%2Fv2%2Fmedia&parent=67702"}],"wp:term":[{"taxonomy":"category","embeddable":true,"href":"https:\/\/crarn.org.br\/index.php?rest_route=%2Fwp%2Fv2%2Fcategories&post=67702"},{"taxonomy":"post_tag","embeddable":true,"href":"https:\/\/crarn.org.br\/index.php?rest_route=%2Fwp%2Fv2%2Ftags&post=67702"}],"curies":[{"name":"wp","href":"https:\/\/api.w.org\/{rel}","templated":true}]}}