{"id":67699,"date":"2025-03-27T15:17:46","date_gmt":"2025-03-27T18:17:46","guid":{"rendered":"https:\/\/crarn.org.br\/?p=67699"},"modified":"2025-03-27T15:17:47","modified_gmt":"2025-03-27T18:17:47","slug":"primeira-edicao-do-projeto-desenvolve-adm-de-2025-capacitacao-em-kpis-e-okrs","status":"publish","type":"post","link":"https:\/\/crarn.org.br\/?p=67699","title":{"rendered":"Primeira Edi\u00e7\u00e3o do Projeto Desenvolve ADM de 2025: Capacita\u00e7\u00e3o em KPIs e OKRs"},"content":{"rendered":"\n<p>O Conselho Regional de Administra\u00e7\u00e3o do Rio Grande do Norte (CRA-RN) promoveu, no dia 26 de mar\u00e7o de 2025, a primeira edi\u00e7\u00e3o do Projeto Desenvolve ADM. A capacita\u00e7\u00e3o abordou o tema \u201cKPIs e OKRs para Administradores\u201d e foi conduzida pelo instrutor J\u00falio C\u00e9sar Rodrigues de Sousa, profissional com gradua\u00e7\u00e3o em Administra\u00e7\u00e3o pela Universidade do Estado do Rio Grande do Norte (UERN) e que \u00a0atua como Administrador da Ufersa desde 2010. Al\u00e9m disso, \u00e9 conselheiro suplente do Conselho Regional de Administra\u00e7\u00e3o do Rio Grande do Norte (CRA-RN) e da Rede Governan\u00e7a Brasil (RGB).<\/p>\n<p>Com uma carga hor\u00e1ria de 4 horas, o curso foi realizado de forma online, por meio da plataforma Meet, permitindo que profissionais e estudantes tivessem acesso ao conte\u00fado de maneira flex\u00edvel e acess\u00edvel. O evento foi gratuito para estudantes e administradores registrados no CRA-RN e teve um custo de R$ 40,00 para os demais interessados.<\/p>\n<p>Durante a capacita\u00e7\u00e3o, os participantes tiveram acesso a um programa abrangente sobre gest\u00e3o de desempenho e metas organizacionais, incluindo: KPIs (Key Performance Indicators \/ Indicadores-Chave de Performance); OKRs (Objectives and Key Results \/ Objetivos e Metas-Chave); Defini\u00e7\u00e3o de m\u00e9tricas e polaridade; Metas SMART (Espec\u00edficas, Mensur\u00e1veis, Alcan\u00e7\u00e1veis, Relevantes e Temporais) e Gest\u00e3o de mudan\u00e7as com foco na melhoria de desempenho.<\/p>\n<p>A capacita\u00e7\u00e3o contou com a participa\u00e7\u00e3o de 36 profissionais, que tiveram a oportunidade de aprimorar seus conhecimentos sobre as ferramentas essenciais para a mensura\u00e7\u00e3o e otimiza\u00e7\u00e3o do desempenho organizacional. Para J\u00falio C\u00e9sar, &#8220;Foi uma experi\u00eancia enriquecedora compartilhar conhecimentos sobre KPIs e OKRs com os participantes do curso promovido pelo CRA-RN. Acredito que a aplica\u00e7\u00e3o pr\u00e1tica dessas ferramentas \u00e9 fundamental para o sucesso de qualquer organiza\u00e7\u00e3o, e fico feliz em ter contribu\u00eddo para o desenvolvimento de gestores e profissionais da \u00e1rea.&#8221;<\/p>\n<p>Com essa primeira edi\u00e7\u00e3o bem-sucedida, o Projeto Desenvolve ADM se consolida como uma iniciativa relevante para a capacita\u00e7\u00e3o e atualiza\u00e7\u00e3o de administradores, refor\u00e7ando o compromisso do CRA-RN com o desenvolvimento profissional da categoria.<\/p>\n<p>\u00a0<\/p>\n<button class=\"simplefavorite-button\" data-postid=\"67699\" data-siteid=\"1\" data-groupid=\"1\" data-favoritecount=\"0\" style=\"\">Favorite <i class=\"sf-icon-star-empty\"><\/i><\/button>","protected":false},"excerpt":{"rendered":"<p>O Conselho Regional de Administra\u00e7\u00e3o do Rio Grande do Norte (CRA-RN) promoveu, no dia 26 de mar\u00e7o de 2025, a primeira edi\u00e7\u00e3o do Projeto Desenvolve ADM. A capacita\u00e7\u00e3o abordou o tema \u201cKPIs e OKRs para Administradores\u201d e foi conduzida pelo instrutor J\u00falio C\u00e9sar Rodrigues de Sousa, profissional com gradua\u00e7\u00e3o em Administra\u00e7\u00e3o pela Universidade do Estado<a class=\"read-more\" href=\"https:\/\/crarn.org.br\/?p=67699\"> [&hellip;]<\/a><\/p>\n","protected":false},"author":26,"featured_media":67700,"comment_status":"closed","ping_status":"open","sticky":false,"template":"","format":"standard","meta":{"_price":"","_stock":"","_tribe_ticket_header":"","_tribe_default_ticket_provider":"","_tribe_ticket_capacity":"0","_ticket_start_date":"","_ticket_end_date":"","_tribe_ticket_show_description":"","_tribe_ticket_show_not_going":false,"_tribe_ticket_use_global_stock":"","_tribe_ticket_global_stock_level":"","_global_stock_mode":"","_global_stock_cap":"","_tribe_rsvp_for_event":"","_tribe_ticket_going_count":"","_tribe_ticket_not_going_count":"","_tribe_tickets_list":"[]","_tribe_ticket_has_attendee_info_fields":false,"footnotes":"","_links_to":"","_links_to_target":""},"categories":[585,310,320,399,309],"tags":[],"class_list":["post-67699","post","type-post","status-publish","format-standard","has-post-thumbnail","hentry","category-ano-2025","category-destaque-grande","category-home","category-institucional","category-ultimas-noticias","entry","has-media"],"_links":{"self":[{"href":"https:\/\/crarn.org.br\/index.php?rest_route=\/wp\/v2\/posts\/67699","targetHints":{"allow":["GET"]}}],"collection":[{"href":"https:\/\/crarn.org.br\/index.php?rest_route=\/wp\/v2\/posts"}],"about":[{"href":"https:\/\/crarn.org.br\/index.php?rest_route=\/wp\/v2\/types\/post"}],"author":[{"embeddable":true,"href":"https:\/\/crarn.org.br\/index.php?rest_route=\/wp\/v2\/users\/26"}],"replies":[{"embeddable":true,"href":"https:\/\/crarn.org.br\/index.php?rest_route=%2Fwp%2Fv2%2Fcomments&post=67699"}],"version-history":[{"count":1,"href":"https:\/\/crarn.org.br\/index.php?rest_route=\/wp\/v2\/posts\/67699\/revisions"}],"predecessor-version":[{"id":67701,"href":"https:\/\/crarn.org.br\/index.php?rest_route=\/wp\/v2\/posts\/67699\/revisions\/67701"}],"wp:featuredmedia":[{"embeddable":true,"href":"https:\/\/crarn.org.br\/index.php?rest_route=\/wp\/v2\/media\/67700"}],"wp:attachment":[{"href":"https:\/\/crarn.org.br\/index.php?rest_route=%2Fwp%2Fv2%2Fmedia&parent=67699"}],"wp:term":[{"taxonomy":"category","embeddable":true,"href":"https:\/\/crarn.org.br\/index.php?rest_route=%2Fwp%2Fv2%2Fcategories&post=67699"},{"taxonomy":"post_tag","embeddable":true,"href":"https:\/\/crarn.org.br\/index.php?rest_route=%2Fwp%2Fv2%2Ftags&post=67699"}],"curies":[{"name":"wp","href":"https:\/\/api.w.org\/{rel}","templated":true}]}}