{"id":67649,"date":"2025-03-24T14:34:01","date_gmt":"2025-03-24T17:34:01","guid":{"rendered":"https:\/\/crarn.org.br\/?p=67649"},"modified":"2025-03-24T14:34:02","modified_gmt":"2025-03-24T17:34:02","slug":"desenvolve-adm-abre-a-programacao-de-2025-com-curso-online-sobre-kpis-e-okrs","status":"publish","type":"post","link":"https:\/\/crarn.org.br\/?p=67649","title":{"rendered":"Desenvolve ADM abre a programa\u00e7\u00e3o de 2025 com curso online sobre KPIs e OKRs"},"content":{"rendered":"\n<p>O Conselho Regional de Administra\u00e7\u00e3o do Rio Grande do Norte (CRA-RN) inicia a programa\u00e7\u00e3o de 2025 do projeto Desenvolve ADM com um tema essencial para gestores e profissionais da \u00e1rea: \u201cKPIs e OKRs para Administradores\u201d.<\/p>\n<p>Nesta primeira edi\u00e7\u00e3o do ano, o curso ser\u00e1 ministrado pelo Administrador J\u00falio C\u00e9sar Rodrigues de Sousa, especialista no assunto. Os participantes ter\u00e3o a oportunidade de aprender a definir m\u00e9tricas estrat\u00e9gicas, estabelecer metas SMART e impulsionar resultados com efici\u00eancia.<\/p>\n<p>A inscri\u00e7\u00e3o \u00e9 gratuita para profissionais registrados e adimplentes no CRA-RN. Para os demais, o investimento \u00e9 de R$ 40,00.<\/p>\n<p>Garanta sua vaga: <a href=\"https:\/\/bit.ly\/41Z8L3w\">https:\/\/bit.ly\/41Z8L3w<\/a><\/p>\n<p>Detalhes do curso:<\/p>\n<ul>\n<li>Data: 26 de mar\u00e7o<\/li>\n<li>Hor\u00e1rio: 18h30<\/li>\n<li>Formato: Online<\/li>\n<li>Facilitador: Adm. J\u00falio C\u00e9sar Rodrigues de Sousa<\/li>\n<\/ul>\n<p>\u00a0<\/p>\n<p>\u00a0<\/p>\n<button class=\"simplefavorite-button\" data-postid=\"67649\" data-siteid=\"1\" data-groupid=\"1\" data-favoritecount=\"0\" style=\"\">Favorite <i class=\"sf-icon-star-empty\"><\/i><\/button>","protected":false},"excerpt":{"rendered":"<p>O Conselho Regional de Administra\u00e7\u00e3o do Rio Grande do Norte (CRA-RN) inicia a programa\u00e7\u00e3o de 2025 do projeto Desenvolve ADM com um tema essencial para gestores e profissionais da \u00e1rea: \u201cKPIs e OKRs para Administradores\u201d. Nesta primeira edi\u00e7\u00e3o do ano, o curso ser\u00e1 ministrado pelo Administrador J\u00falio C\u00e9sar Rodrigues de Sousa, especialista no assunto. Os<a class=\"read-more\" href=\"https:\/\/crarn.org.br\/?p=67649\"> [&hellip;]<\/a><\/p>\n","protected":false},"author":26,"featured_media":67650,"comment_status":"closed","ping_status":"open","sticky":false,"template":"","format":"standard","meta":{"_price":"","_stock":"","_tribe_ticket_header":"","_tribe_default_ticket_provider":"","_tribe_ticket_capacity":"0","_ticket_start_date":"","_ticket_end_date":"","_tribe_ticket_show_description":"","_tribe_ticket_show_not_going":false,"_tribe_ticket_use_global_stock":"","_tribe_ticket_global_stock_level":"","_global_stock_mode":"","_global_stock_cap":"","_tribe_rsvp_for_event":"","_tribe_ticket_going_count":"","_tribe_ticket_not_going_count":"","_tribe_tickets_list":"[]","_tribe_ticket_has_attendee_info_fields":false,"footnotes":"","_links_to":"","_links_to_target":""},"categories":[1],"tags":[],"class_list":["post-67649","post","type-post","status-publish","format-standard","has-post-thumbnail","hentry","category-sem-categoria","entry","has-media"],"_links":{"self":[{"href":"https:\/\/crarn.org.br\/index.php?rest_route=\/wp\/v2\/posts\/67649","targetHints":{"allow":["GET"]}}],"collection":[{"href":"https:\/\/crarn.org.br\/index.php?rest_route=\/wp\/v2\/posts"}],"about":[{"href":"https:\/\/crarn.org.br\/index.php?rest_route=\/wp\/v2\/types\/post"}],"author":[{"embeddable":true,"href":"https:\/\/crarn.org.br\/index.php?rest_route=\/wp\/v2\/users\/26"}],"replies":[{"embeddable":true,"href":"https:\/\/crarn.org.br\/index.php?rest_route=%2Fwp%2Fv2%2Fcomments&post=67649"}],"version-history":[{"count":1,"href":"https:\/\/crarn.org.br\/index.php?rest_route=\/wp\/v2\/posts\/67649\/revisions"}],"predecessor-version":[{"id":67651,"href":"https:\/\/crarn.org.br\/index.php?rest_route=\/wp\/v2\/posts\/67649\/revisions\/67651"}],"wp:featuredmedia":[{"embeddable":true,"href":"https:\/\/crarn.org.br\/index.php?rest_route=\/wp\/v2\/media\/67650"}],"wp:attachment":[{"href":"https:\/\/crarn.org.br\/index.php?rest_route=%2Fwp%2Fv2%2Fmedia&parent=67649"}],"wp:term":[{"taxonomy":"category","embeddable":true,"href":"https:\/\/crarn.org.br\/index.php?rest_route=%2Fwp%2Fv2%2Fcategories&post=67649"},{"taxonomy":"post_tag","embeddable":true,"href":"https:\/\/crarn.org.br\/index.php?rest_route=%2Fwp%2Fv2%2Ftags&post=67649"}],"curies":[{"name":"wp","href":"https:\/\/api.w.org\/{rel}","templated":true}]}}