{"id":67624,"date":"2025-03-17T11:58:18","date_gmt":"2025-03-17T14:58:18","guid":{"rendered":"https:\/\/crarn.org.br\/?p=67624"},"modified":"2025-03-17T11:58:19","modified_gmt":"2025-03-17T14:58:19","slug":"cra-rn-celebra-o-dia-internacional-da-mulher-em-mossoro-com-homenagens-e-palestra-especial","status":"publish","type":"post","link":"https:\/\/crarn.org.br\/?p=67624","title":{"rendered":"CRA-RN celebra o Dia Internacional da Mulher em Mossor\u00f3 com homenagens e palestra especial"},"content":{"rendered":"\n<p>O Conselho Regional de Administra\u00e7\u00e3o do Rio Grande do Norte (CRA-RN), por meio da Comiss\u00e3o Especial ADM Mulher, realizou um evento especial em Mossor\u00f3 para celebrar o Dia Internacional da Mulher.<\/p>\n<p>A abertura do evento contou com a participa\u00e7\u00e3o de representantes do CRA-RN, incluindo a Adm. Alice Dantas de Medeiros, Coordenadora da Comiss\u00e3o Especial ADM Mulher e Conselheira Efetiva do CRA-RN; Adm. J\u00falio Rezende, Conselheiro Federal pelo RN; Adm. C\u00edntia Cristiane C\u00e2mara, representante da Subseccional do CRA-RN em Mossor\u00f3.<\/p>\n<p>Tamb\u00e9m estiveram presentes a Vice-Coordenadora da Comiss\u00e3o, Adm. Simone Silva Rom\u00e3o Cir\u00edaco, e o Conselheiro Suplente, Adm. J\u00falio C\u00e9sar Rodrigues.<\/p>\n<p>A programa\u00e7\u00e3o incluiu uma palestra com a fisioterapeuta dermatofuncional Dra. Mariana Mendes, abordando o tema \u201cOs Cuidados com a Pele\u201d, proporcionando um momento de aprendizado e bem-estar para as participantes.<\/p>\n<p>Um dos momentos importantes do evento foi a entrega do Destaque ADM Mulher, uma homenagem \u00e0s profissionais que se destacam por sua dedica\u00e7\u00e3o, compet\u00eancia e contribui\u00e7\u00e3o para a Administra\u00e7\u00e3o. As homenageadas da cidade de Mossor\u00f3 foram a Adm. Roberta do Nascimento Targino e Adm. M\u00e9rcia Cristiley Barreto Viana.<\/p>\n<p>O evento foi um momento muito importante e inspirador, integrando as profissionais da cidade e estimulando para que \u00a0continuem sendo protagonistas em suas trajet\u00f3rias profissionais e pessoais.<\/p>\n<button class=\"simplefavorite-button\" data-postid=\"67624\" data-siteid=\"1\" data-groupid=\"1\" data-favoritecount=\"0\" style=\"\">Favorite <i class=\"sf-icon-star-empty\"><\/i><\/button>","protected":false},"excerpt":{"rendered":"<p>O Conselho Regional de Administra\u00e7\u00e3o do Rio Grande do Norte (CRA-RN), por meio da Comiss\u00e3o Especial ADM Mulher, realizou um evento especial em Mossor\u00f3 para celebrar o Dia Internacional da Mulher. A abertura do evento contou com a participa\u00e7\u00e3o de representantes do CRA-RN, incluindo a Adm. Alice Dantas de Medeiros, Coordenadora da Comiss\u00e3o Especial ADM<a class=\"read-more\" href=\"https:\/\/crarn.org.br\/?p=67624\"> [&hellip;]<\/a><\/p>\n","protected":false},"author":26,"featured_media":67625,"comment_status":"closed","ping_status":"open","sticky":false,"template":"","format":"standard","meta":{"_price":"","_stock":"","_tribe_ticket_header":"","_tribe_default_ticket_provider":"","_tribe_ticket_capacity":"0","_ticket_start_date":"","_ticket_end_date":"","_tribe_ticket_show_description":"","_tribe_ticket_show_not_going":false,"_tribe_ticket_use_global_stock":"","_tribe_ticket_global_stock_level":"","_global_stock_mode":"","_global_stock_cap":"","_tribe_rsvp_for_event":"","_tribe_ticket_going_count":"","_tribe_ticket_not_going_count":"","_tribe_tickets_list":"[]","_tribe_ticket_has_attendee_info_fields":false,"footnotes":"","_links_to":"","_links_to_target":""},"categories":[585,310,320,399,309],"tags":[],"class_list":["post-67624","post","type-post","status-publish","format-standard","has-post-thumbnail","hentry","category-ano-2025","category-destaque-grande","category-home","category-institucional","category-ultimas-noticias","entry","has-media"],"_links":{"self":[{"href":"https:\/\/crarn.org.br\/index.php?rest_route=\/wp\/v2\/posts\/67624","targetHints":{"allow":["GET"]}}],"collection":[{"href":"https:\/\/crarn.org.br\/index.php?rest_route=\/wp\/v2\/posts"}],"about":[{"href":"https:\/\/crarn.org.br\/index.php?rest_route=\/wp\/v2\/types\/post"}],"author":[{"embeddable":true,"href":"https:\/\/crarn.org.br\/index.php?rest_route=\/wp\/v2\/users\/26"}],"replies":[{"embeddable":true,"href":"https:\/\/crarn.org.br\/index.php?rest_route=%2Fwp%2Fv2%2Fcomments&post=67624"}],"version-history":[{"count":1,"href":"https:\/\/crarn.org.br\/index.php?rest_route=\/wp\/v2\/posts\/67624\/revisions"}],"predecessor-version":[{"id":67626,"href":"https:\/\/crarn.org.br\/index.php?rest_route=\/wp\/v2\/posts\/67624\/revisions\/67626"}],"wp:featuredmedia":[{"embeddable":true,"href":"https:\/\/crarn.org.br\/index.php?rest_route=\/wp\/v2\/media\/67625"}],"wp:attachment":[{"href":"https:\/\/crarn.org.br\/index.php?rest_route=%2Fwp%2Fv2%2Fmedia&parent=67624"}],"wp:term":[{"taxonomy":"category","embeddable":true,"href":"https:\/\/crarn.org.br\/index.php?rest_route=%2Fwp%2Fv2%2Fcategories&post=67624"},{"taxonomy":"post_tag","embeddable":true,"href":"https:\/\/crarn.org.br\/index.php?rest_route=%2Fwp%2Fv2%2Ftags&post=67624"}],"curies":[{"name":"wp","href":"https:\/\/api.w.org\/{rel}","templated":true}]}}