{"id":67619,"date":"2025-03-14T14:39:33","date_gmt":"2025-03-14T17:39:33","guid":{"rendered":"https:\/\/crarn.org.br\/?p=67619"},"modified":"2025-03-17T15:09:11","modified_gmt":"2025-03-17T18:09:11","slug":"cra-rn-realiza-palestra-de-abertura-do-ano-letivo-para-estudantes-de-administracao","status":"publish","type":"post","link":"https:\/\/crarn.org.br\/?p=67619","title":{"rendered":"CRA-RN realiza palestra de abertura do ano letivo para estudantes de Administra\u00e7\u00e3o"},"content":{"rendered":"\n<p>Na noite desta quinta-feira, o CRA-RN marcou presen\u00e7a na abertura do ano letivo com a palestra &#8220;Vou ser ADM&#8221;, ministrada pelo conselheiro Adm. Leonardo da Costa Lima. O evento reuniu estudantes de Administra\u00e7\u00e3o e Ci\u00eancias Cont\u00e1beis, proporcionando um momento de aprendizado e conex\u00e3o com a profiss\u00e3o.<\/p>\n<p>Durante a palestra, os alunos tiveram a oportunidade de conhecer mais sobre a Administra\u00e7\u00e3o como carreira e o papel do Sistema CFA\/CRA, que atua na valoriza\u00e7\u00e3o e regulamenta\u00e7\u00e3o da profiss\u00e3o. A iniciativa faz parte do compromisso do CRA-RN em se aproximar das Institui\u00e7\u00f5es de Ensino Superior e dos futuros profissionais da \u00e1rea, incentivando o desenvolvimento e fortalecimento da Administra\u00e7\u00e3o desde a forma\u00e7\u00e3o acad\u00eamica.<\/p>\n<p>O Conselho Regional de Contabilidade do RN, tamb\u00e9m participou do evento.<\/p>\n<p>O CRA-RN segue promovendo a\u00e7\u00f5es que impulsionam o conhecimento e a integra\u00e7\u00e3o dos estudantes com o mercado e a profiss\u00e3o.<\/p>\n\n\n<button class=\"simplefavorite-button\" data-postid=\"67619\" data-siteid=\"1\" data-groupid=\"1\" data-favoritecount=\"0\" style=\"\">Favorite <i class=\"sf-icon-star-empty\"><\/i><\/button>","protected":false},"excerpt":{"rendered":"<p>Na noite desta quinta-feira, o CRA-RN marcou presen\u00e7a na abertura do ano letivo com a palestra &#8220;Vou ser ADM&#8221;, ministrada pelo conselheiro Adm. Leonardo da Costa Lima. O evento reuniu estudantes de Administra\u00e7\u00e3o e Ci\u00eancias Cont\u00e1beis, proporcionando um momento de aprendizado e conex\u00e3o com a profiss\u00e3o. Durante a palestra, os alunos tiveram a oportunidade de<a class=\"read-more\" href=\"https:\/\/crarn.org.br\/?p=67619\"> [&hellip;]<\/a><\/p>\n","protected":false},"author":26,"featured_media":67620,"comment_status":"closed","ping_status":"open","sticky":false,"template":"","format":"standard","meta":{"_price":"","_stock":"","_tribe_ticket_header":"","_tribe_default_ticket_provider":"","_tribe_ticket_capacity":"0","_ticket_start_date":"","_ticket_end_date":"","_tribe_ticket_show_description":"","_tribe_ticket_show_not_going":false,"_tribe_ticket_use_global_stock":"","_tribe_ticket_global_stock_level":"","_global_stock_mode":"","_global_stock_cap":"","_tribe_rsvp_for_event":"","_tribe_ticket_going_count":"","_tribe_ticket_not_going_count":"","_tribe_tickets_list":"[]","_tribe_ticket_has_attendee_info_fields":false,"footnotes":"","_links_to":"","_links_to_target":""},"categories":[585,320,309],"tags":[],"class_list":["post-67619","post","type-post","status-publish","format-standard","has-post-thumbnail","hentry","category-ano-2025","category-home","category-ultimas-noticias","entry","has-media"],"_links":{"self":[{"href":"https:\/\/crarn.org.br\/index.php?rest_route=\/wp\/v2\/posts\/67619","targetHints":{"allow":["GET"]}}],"collection":[{"href":"https:\/\/crarn.org.br\/index.php?rest_route=\/wp\/v2\/posts"}],"about":[{"href":"https:\/\/crarn.org.br\/index.php?rest_route=\/wp\/v2\/types\/post"}],"author":[{"embeddable":true,"href":"https:\/\/crarn.org.br\/index.php?rest_route=\/wp\/v2\/users\/26"}],"replies":[{"embeddable":true,"href":"https:\/\/crarn.org.br\/index.php?rest_route=%2Fwp%2Fv2%2Fcomments&post=67619"}],"version-history":[{"count":2,"href":"https:\/\/crarn.org.br\/index.php?rest_route=\/wp\/v2\/posts\/67619\/revisions"}],"predecessor-version":[{"id":67622,"href":"https:\/\/crarn.org.br\/index.php?rest_route=\/wp\/v2\/posts\/67619\/revisions\/67622"}],"wp:featuredmedia":[{"embeddable":true,"href":"https:\/\/crarn.org.br\/index.php?rest_route=\/wp\/v2\/media\/67620"}],"wp:attachment":[{"href":"https:\/\/crarn.org.br\/index.php?rest_route=%2Fwp%2Fv2%2Fmedia&parent=67619"}],"wp:term":[{"taxonomy":"category","embeddable":true,"href":"https:\/\/crarn.org.br\/index.php?rest_route=%2Fwp%2Fv2%2Fcategories&post=67619"},{"taxonomy":"post_tag","embeddable":true,"href":"https:\/\/crarn.org.br\/index.php?rest_route=%2Fwp%2Fv2%2Ftags&post=67619"}],"curies":[{"name":"wp","href":"https:\/\/api.w.org\/{rel}","templated":true}]}}