{"id":67609,"date":"2025-03-12T13:16:05","date_gmt":"2025-03-12T16:16:05","guid":{"rendered":"https:\/\/crarn.org.br\/?p=67609"},"modified":"2025-03-12T13:16:06","modified_gmt":"2025-03-12T16:16:06","slug":"participe-do-livro-comemorativo-dos-60-anos-da-regulamentacao-da-profissao-de-administrador","status":"publish","type":"post","link":"https:\/\/crarn.org.br\/?p=67609","title":{"rendered":"Participe do Livro Comemorativo dos 60 Anos da regulamenta\u00e7\u00e3o da profiss\u00e3o de Administrador"},"content":{"rendered":"\n<p>Em celebra\u00e7\u00e3o aos 60 anos da regulamenta\u00e7\u00e3o da profiss\u00e3o de Administrador, o CFA lan\u00e7a a campanha do livro que apresentar\u00e1 as contribui\u00e7\u00f5es dos Profissionais registrados nos CRAs que tenham impactado o fortalecimento da Administra\u00e7\u00e3o.<\/p>\n<p>Este \u00e9 um convite especial que tem como objetivo valorizar a trajet\u00f3ria dos profissionais de Administra\u00e7\u00e3o e compartilhar suas hist\u00f3rias de sucesso, as quais ir\u00e3o compor o livro \u201c<i>60 anos da regulamenta\u00e7\u00e3o da profiss\u00e3o de Administrador: Relatos Inspiradores<\/i>\u201c.<\/p>\n<p>Podem participar profissionais com registro principal ou secund\u00e1rio no Sistema CFA\/CRAs e que estejam em dia com as obriga\u00e7\u00f5es junto ao Conselho Regional de Administra\u00e7\u00e3o.\u00a0<\/p>\n<p>Para participar \u00e9 preciso preencher o cadastro de candidaturas e enviar o formul\u00e1rio com o relato de sua experi\u00eancia profissional exitosa at\u00e9 o dia 18 de abril de 2025, por meio do link. (<a href=\"https:\/\/docs.google.com\/forms\/d\/e\/1FAIpQLSetLAhVOqU_WtXkeHT80YPiGIGigquMiFgYsxXBlA5a7aB1ag\/viewform\" target=\"_blank\" rel=\"noopener\">Clique aqui<\/a>).<b><br \/><\/b><b><br \/><\/b>Esta \u00e9 a oportunidade de eternizar sua hist\u00f3ria e fazer parte dessa celebra\u00e7\u00e3o que homenageia os 60 anos de uma profiss\u00e3o que constr\u00f3i o futuro do Brasil. Mostre ao pa\u00eds a for\u00e7a da Administra\u00e7\u00e3o e inspire outros profissionais!<br \/><br \/>Edital: (<a href=\"https:\/\/cfa.org.br\/wp-content\/uploads\/2025\/03\/MINUTA-DO-EDITAL-LIVRO-60-ANOS.pdf\" target=\"_blank\" rel=\"noopener\">clique aqui<\/a>)<\/p>\n<p>\u00a0<\/p>\n<p>*Com informa\u00e7\u00f5es do CFA<\/p>\n<p>Rodrigo Miranda<br \/>Assessoria de Comunica\u00e7\u00e3o CFA<\/p>\n<button class=\"simplefavorite-button\" data-postid=\"67609\" data-siteid=\"1\" data-groupid=\"1\" data-favoritecount=\"0\" style=\"\">Favorite <i class=\"sf-icon-star-empty\"><\/i><\/button>","protected":false},"excerpt":{"rendered":"<p>Em celebra\u00e7\u00e3o aos 60 anos da regulamenta\u00e7\u00e3o da profiss\u00e3o de Administrador, o CFA lan\u00e7a a campanha do livro que apresentar\u00e1 as contribui\u00e7\u00f5es dos Profissionais registrados nos CRAs que tenham impactado o fortalecimento da Administra\u00e7\u00e3o. Este \u00e9 um convite especial que tem como objetivo valorizar a trajet\u00f3ria dos profissionais de Administra\u00e7\u00e3o e compartilhar suas hist\u00f3rias de<a class=\"read-more\" href=\"https:\/\/crarn.org.br\/?p=67609\"> [&hellip;]<\/a><\/p>\n","protected":false},"author":26,"featured_media":67610,"comment_status":"closed","ping_status":"open","sticky":false,"template":"","format":"standard","meta":{"_price":"","_stock":"","_tribe_ticket_header":"","_tribe_default_ticket_provider":"","_tribe_ticket_capacity":"0","_ticket_start_date":"","_ticket_end_date":"","_tribe_ticket_show_description":"","_tribe_ticket_show_not_going":false,"_tribe_ticket_use_global_stock":"","_tribe_ticket_global_stock_level":"","_global_stock_mode":"","_global_stock_cap":"","_tribe_rsvp_for_event":"","_tribe_ticket_going_count":"","_tribe_ticket_not_going_count":"","_tribe_tickets_list":"[]","_tribe_ticket_has_attendee_info_fields":false,"footnotes":"","_links_to":"","_links_to_target":""},"categories":[585,311,320,399],"tags":[],"class_list":["post-67609","post","type-post","status-publish","format-standard","has-post-thumbnail","hentry","category-ano-2025","category-destaque-pequeno-superior","category-home","category-institucional","entry","has-media"],"_links":{"self":[{"href":"https:\/\/crarn.org.br\/index.php?rest_route=\/wp\/v2\/posts\/67609","targetHints":{"allow":["GET"]}}],"collection":[{"href":"https:\/\/crarn.org.br\/index.php?rest_route=\/wp\/v2\/posts"}],"about":[{"href":"https:\/\/crarn.org.br\/index.php?rest_route=\/wp\/v2\/types\/post"}],"author":[{"embeddable":true,"href":"https:\/\/crarn.org.br\/index.php?rest_route=\/wp\/v2\/users\/26"}],"replies":[{"embeddable":true,"href":"https:\/\/crarn.org.br\/index.php?rest_route=%2Fwp%2Fv2%2Fcomments&post=67609"}],"version-history":[{"count":1,"href":"https:\/\/crarn.org.br\/index.php?rest_route=\/wp\/v2\/posts\/67609\/revisions"}],"predecessor-version":[{"id":67611,"href":"https:\/\/crarn.org.br\/index.php?rest_route=\/wp\/v2\/posts\/67609\/revisions\/67611"}],"wp:featuredmedia":[{"embeddable":true,"href":"https:\/\/crarn.org.br\/index.php?rest_route=\/wp\/v2\/media\/67610"}],"wp:attachment":[{"href":"https:\/\/crarn.org.br\/index.php?rest_route=%2Fwp%2Fv2%2Fmedia&parent=67609"}],"wp:term":[{"taxonomy":"category","embeddable":true,"href":"https:\/\/crarn.org.br\/index.php?rest_route=%2Fwp%2Fv2%2Fcategories&post=67609"},{"taxonomy":"post_tag","embeddable":true,"href":"https:\/\/crarn.org.br\/index.php?rest_route=%2Fwp%2Fv2%2Ftags&post=67609"}],"curies":[{"name":"wp","href":"https:\/\/api.w.org\/{rel}","templated":true}]}}