{"id":67492,"date":"2025-02-26T12:54:27","date_gmt":"2025-02-26T15:54:27","guid":{"rendered":"https:\/\/crarn.org.br\/?p=67492"},"modified":"2025-02-26T12:54:28","modified_gmt":"2025-02-26T15:54:28","slug":"anuidade-2025-prazo-para-pagamento-com-5-de-desconto-esta-acabando","status":"publish","type":"post","link":"https:\/\/crarn.org.br\/?p=67492","title":{"rendered":"Anuidade 2025: prazo para pagamento com 5% de desconto est\u00e1 acabando"},"content":{"rendered":"\n<ul class=\"wp-block-list\">\n<li>Autor do post:<\/li>\n<\/ul>\n\n\n\n<header class=\"entry-header clr\"><\/header>\n<p><span style=\"font-size: revert;\">Termina no pr\u00f3ximo dia 28 de fevereiro, o prazo para pagar a anuidade 2025 do Sistema CFA\/CRAs com 5% de desconto. Os valores atualizados est\u00e3o na Resolu\u00e7\u00e3o Normativa CFA n\u00ba 655.<\/span><\/p>\n<div class=\"entry-content clr\">\n<p>Para aqueles que ir\u00e3o parcelar o valor da anuidade, n\u00e3o haver\u00e1 desconto. Al\u00e9m disso, o pagamento ap\u00f3s o vencimento ter\u00e1 uma multa de 2% e juros de 1% por m\u00eas de atraso.<\/p>\n<p>A anuidade 2025 do CRA-RN j\u00e1 est\u00e1 dispon\u00edvel no autoatendimento do site no link\u00a0 <a href=\"https:\/\/bit.ly\/3SOsD4V\">https:\/\/bit.ly\/3SOsD4V<\/a>.<\/p>\n<p>O Conselho Federal de Administra\u00e7\u00e3o (CFA) refor\u00e7a a import\u00e2ncia da adimpl\u00eancia. O registro em dia garante ao profissional todos os benef\u00edcios e servi\u00e7os oferecidos pelo Sistema CFA\/CRAs, al\u00e9m do acesso a direitos e \u00e0 prote\u00e7\u00e3o legal ao exerc\u00edcio da atividade.<\/p>\n<p>Para 2025, as anuidades cobradas s\u00e3o as seguintes:<\/p>\n<p>\u00a0\u2013 Anuidades de Pessoas F\u00edsicas<\/p>\n<table>\n<tbody>\n<tr>\n<td>\u00a0<\/td>\n<td>\n<p>Registro principal (R$)<\/p>\n<\/td>\n<td>\n<p>Registro secund\u00e1rio (R$)<\/p>\n<\/td>\n<\/tr>\n<tr>\n<td>\n<p>Administrador<\/p>\n<\/td>\n<td style=\"text-align: center;\" rowspan=\"3\">\n<p>589,63<\/p>\n<\/td>\n<td style=\"text-align: center;\" rowspan=\"3\">\n<p>294,82<\/p>\n<\/td>\n<\/tr>\n<tr>\n<td>\n<p>Gestor P\u00fablico<\/p>\n<\/td>\n<\/tr>\n<tr>\n<td>\n<p>Mestres e Doutores<\/p>\n<\/td>\n<\/tr>\n<tr>\n<td>\n<p>Tecn\u00f3logo<\/p>\n<\/td>\n<td style=\"text-align: center;\" rowspan=\"2\">\n<p>401,41<\/p>\n<\/td>\n<td style=\"text-align: center;\" rowspan=\"2\">\n<p>200,71<\/p>\n<\/td>\n<\/tr>\n<tr>\n<td>\n<p>Gestor (cursos sequenciais)<\/p>\n<\/td>\n<\/tr>\n<tr>\n<td>\n<p>T\u00e9cnico em Administra\u00e7\u00e3o (n\u00edvel m\u00e9dio)<\/p>\n<\/td>\n<td style=\"text-align: center;\">\n<p>294,10<\/p>\n<\/td>\n<td style=\"text-align: center;\">\n<p>147,05<\/p>\n<\/td>\n<\/tr>\n<\/tbody>\n<\/table>\n<p><br \/><br \/><\/p>\n<p>Ana Graciele Gon\u00e7alves<br \/>Assessoria de Comunica\u00e7\u00e3o CFA<\/p>\n<div class=\"addtoany_share_save_container addtoany_content addtoany_content_bottom\">\u00a0<\/div>\n<\/div>\n\n\n<button class=\"simplefavorite-button\" data-postid=\"67492\" data-siteid=\"1\" data-groupid=\"1\" data-favoritecount=\"0\" style=\"\">Favorite <i class=\"sf-icon-star-empty\"><\/i><\/button>","protected":false},"excerpt":{"rendered":"<p>Termina no pr\u00f3ximo dia 28 de fevereiro, o prazo para pagar a anuidade 2025 do Sistema CFA\/CRAs com 5% de desconto. Os valores atualizados est\u00e3o na Resolu\u00e7\u00e3o Normativa CFA n\u00ba 655. Para aqueles que ir\u00e3o parcelar o valor da anuidade, n\u00e3o haver\u00e1 desconto. Al\u00e9m disso, o pagamento ap\u00f3s o vencimento ter\u00e1 uma multa de 2%<a class=\"read-more\" href=\"https:\/\/crarn.org.br\/?p=67492\"> [&hellip;]<\/a><\/p>\n","protected":false},"author":26,"featured_media":67493,"comment_status":"closed","ping_status":"open","sticky":false,"template":"","format":"standard","meta":{"_price":"","_stock":"","_tribe_ticket_header":"","_tribe_default_ticket_provider":"","_tribe_ticket_capacity":"0","_ticket_start_date":"","_ticket_end_date":"","_tribe_ticket_show_description":"","_tribe_ticket_show_not_going":false,"_tribe_ticket_use_global_stock":"","_tribe_ticket_global_stock_level":"","_global_stock_mode":"","_global_stock_cap":"","_tribe_rsvp_for_event":"","_tribe_ticket_going_count":"","_tribe_ticket_not_going_count":"","_tribe_tickets_list":"[]","_tribe_ticket_has_attendee_info_fields":false,"footnotes":"","_links_to":"","_links_to_target":""},"categories":[310,320,399],"tags":[],"class_list":["post-67492","post","type-post","status-publish","format-standard","has-post-thumbnail","hentry","category-destaque-grande","category-home","category-institucional","entry","has-media"],"_links":{"self":[{"href":"https:\/\/crarn.org.br\/index.php?rest_route=\/wp\/v2\/posts\/67492","targetHints":{"allow":["GET"]}}],"collection":[{"href":"https:\/\/crarn.org.br\/index.php?rest_route=\/wp\/v2\/posts"}],"about":[{"href":"https:\/\/crarn.org.br\/index.php?rest_route=\/wp\/v2\/types\/post"}],"author":[{"embeddable":true,"href":"https:\/\/crarn.org.br\/index.php?rest_route=\/wp\/v2\/users\/26"}],"replies":[{"embeddable":true,"href":"https:\/\/crarn.org.br\/index.php?rest_route=%2Fwp%2Fv2%2Fcomments&post=67492"}],"version-history":[{"count":2,"href":"https:\/\/crarn.org.br\/index.php?rest_route=\/wp\/v2\/posts\/67492\/revisions"}],"predecessor-version":[{"id":67495,"href":"https:\/\/crarn.org.br\/index.php?rest_route=\/wp\/v2\/posts\/67492\/revisions\/67495"}],"wp:featuredmedia":[{"embeddable":true,"href":"https:\/\/crarn.org.br\/index.php?rest_route=\/wp\/v2\/media\/67493"}],"wp:attachment":[{"href":"https:\/\/crarn.org.br\/index.php?rest_route=%2Fwp%2Fv2%2Fmedia&parent=67492"}],"wp:term":[{"taxonomy":"category","embeddable":true,"href":"https:\/\/crarn.org.br\/index.php?rest_route=%2Fwp%2Fv2%2Fcategories&post=67492"},{"taxonomy":"post_tag","embeddable":true,"href":"https:\/\/crarn.org.br\/index.php?rest_route=%2Fwp%2Fv2%2Ftags&post=67492"}],"curies":[{"name":"wp","href":"https:\/\/api.w.org\/{rel}","templated":true}]}}