{"id":67486,"date":"2025-02-25T14:23:51","date_gmt":"2025-02-25T17:23:51","guid":{"rendered":"https:\/\/crarn.org.br\/?p=67486"},"modified":"2025-02-25T14:23:52","modified_gmt":"2025-02-25T17:23:52","slug":"cra-rn-participa-da-abertura-das-aulas-na-uninassau","status":"publish","type":"post","link":"https:\/\/crarn.org.br\/?p=67486","title":{"rendered":"CRA-RN participa da abertura das aulas na UNINASSAU"},"content":{"rendered":"\n<p>A conselheira suplente do Conselho Regional de Administra\u00e7\u00e3o do Rio Grande do Norte (CRA-RN), Adm. Simone Rom\u00e3o, representou o regional na abertura do semestre dos cursos de Administra\u00e7\u00e3o, Contabilidade e Gest\u00e3o de Recursos Humanos da UNINASSAU.<\/p>\n<p>O evento contou com a presen\u00e7a do coordenador do curso, Lenilson Firmino, e do presidente do Conselho Regional de Contabilidade (CRC), Anailson Gomes.<\/p>\n<p>Diante de um p\u00fablico de aproximadamente 70 alunos, Simone Rom\u00e3o abordou temas fundamentais para os futuros profissionais de Administra\u00e7\u00e3o, destacando o perfil exigido pelo mercado, o funcionamento do Sistema CFA\/CRAs e a import\u00e2ncia do registro profissional para o exerc\u00edcio legal da profiss\u00e3o. Al\u00e9m disso, refor\u00e7ou o papel dos conselhos de classe e apresentou o programa CRA-Jovem, voltado para a aproxima\u00e7\u00e3o dos estudantes com o sistema profissional.<\/p>\n<p>Durante a programa\u00e7\u00e3o, o presidente do CRC, Anailson Gomes tamb\u00e9m ministrou uma palestra sobre o papel dos contadores e as diversas oportunidades dispon\u00edveis no mercado de trabalho.<\/p>\n<p>A presen\u00e7a do CRA-RN no evento reafirma o compromisso com a forma\u00e7\u00e3o e orienta\u00e7\u00e3o dos futuros profissionais de administra\u00e7\u00e3o, proporcionando uma intera\u00e7\u00e3o maior entre os alunos e o conselho.<\/p>\n<p>\u00a0<\/p>\n<p>\u00a0<\/p>\n<p>\u00a0<\/p>\n<p>\u00a0<\/p>\n<p>\u00a0<\/p>\n<button class=\"simplefavorite-button\" data-postid=\"67486\" data-siteid=\"1\" data-groupid=\"1\" data-favoritecount=\"0\" style=\"\">Favorite <i class=\"sf-icon-star-empty\"><\/i><\/button>","protected":false},"excerpt":{"rendered":"<p>A conselheira suplente do Conselho Regional de Administra\u00e7\u00e3o do Rio Grande do Norte (CRA-RN), Adm. Simone Rom\u00e3o, representou o regional na abertura do semestre dos cursos de Administra\u00e7\u00e3o, Contabilidade e Gest\u00e3o de Recursos Humanos da UNINASSAU. O evento contou com a presen\u00e7a do coordenador do curso, Lenilson Firmino, e do presidente do Conselho Regional de<a class=\"read-more\" href=\"https:\/\/crarn.org.br\/?p=67486\"> [&hellip;]<\/a><\/p>\n","protected":false},"author":26,"featured_media":67487,"comment_status":"closed","ping_status":"open","sticky":false,"template":"","format":"standard","meta":{"_price":"","_stock":"","_tribe_ticket_header":"","_tribe_default_ticket_provider":"","_tribe_ticket_capacity":"0","_ticket_start_date":"","_ticket_end_date":"","_tribe_ticket_show_description":"","_tribe_ticket_show_not_going":false,"_tribe_ticket_use_global_stock":"","_tribe_ticket_global_stock_level":"","_global_stock_mode":"","_global_stock_cap":"","_tribe_rsvp_for_event":"","_tribe_ticket_going_count":"","_tribe_ticket_not_going_count":"","_tribe_tickets_list":"[]","_tribe_ticket_has_attendee_info_fields":false,"footnotes":"","_links_to":"","_links_to_target":""},"categories":[585,312,320,399,309],"tags":[],"class_list":["post-67486","post","type-post","status-publish","format-standard","has-post-thumbnail","hentry","category-ano-2025","category-destaque-pequeno-inferior","category-home","category-institucional","category-ultimas-noticias","entry","has-media"],"_links":{"self":[{"href":"https:\/\/crarn.org.br\/index.php?rest_route=\/wp\/v2\/posts\/67486","targetHints":{"allow":["GET"]}}],"collection":[{"href":"https:\/\/crarn.org.br\/index.php?rest_route=\/wp\/v2\/posts"}],"about":[{"href":"https:\/\/crarn.org.br\/index.php?rest_route=\/wp\/v2\/types\/post"}],"author":[{"embeddable":true,"href":"https:\/\/crarn.org.br\/index.php?rest_route=\/wp\/v2\/users\/26"}],"replies":[{"embeddable":true,"href":"https:\/\/crarn.org.br\/index.php?rest_route=%2Fwp%2Fv2%2Fcomments&post=67486"}],"version-history":[{"count":1,"href":"https:\/\/crarn.org.br\/index.php?rest_route=\/wp\/v2\/posts\/67486\/revisions"}],"predecessor-version":[{"id":67488,"href":"https:\/\/crarn.org.br\/index.php?rest_route=\/wp\/v2\/posts\/67486\/revisions\/67488"}],"wp:featuredmedia":[{"embeddable":true,"href":"https:\/\/crarn.org.br\/index.php?rest_route=\/wp\/v2\/media\/67487"}],"wp:attachment":[{"href":"https:\/\/crarn.org.br\/index.php?rest_route=%2Fwp%2Fv2%2Fmedia&parent=67486"}],"wp:term":[{"taxonomy":"category","embeddable":true,"href":"https:\/\/crarn.org.br\/index.php?rest_route=%2Fwp%2Fv2%2Fcategories&post=67486"},{"taxonomy":"post_tag","embeddable":true,"href":"https:\/\/crarn.org.br\/index.php?rest_route=%2Fwp%2Fv2%2Ftags&post=67486"}],"curies":[{"name":"wp","href":"https:\/\/api.w.org\/{rel}","templated":true}]}}