{"id":67468,"date":"2025-02-13T13:07:46","date_gmt":"2025-02-13T16:07:46","guid":{"rendered":"https:\/\/crarn.org.br\/?p=67468"},"modified":"2025-02-13T13:14:42","modified_gmt":"2025-02-13T16:14:42","slug":"cra-rn-reforca-parceria-com-instituicoes-de-ensino-superior","status":"publish","type":"post","link":"https:\/\/crarn.org.br\/?p=67468","title":{"rendered":"CRA-RN refor\u00e7a parceria com Institui\u00e7\u00f5es de Ensino Superior"},"content":{"rendered":"\n<p>O Conselho Regional de Administra\u00e7\u00e3o do Rio Grande do Norte (CRA-RN) refor\u00e7ou seu compromisso com o fortalecimento da educa\u00e7\u00e3o e discutiu a qualidade da Forma\u00e7\u00e3o em Administra\u00e7\u00e3o ao retomar o contato com coordenadores de cursos de diversas institui\u00e7\u00f5es de ensino.<\/p>\n<p>Nesta ter\u00e7a-feira (11\/02), a diretora de Forma\u00e7\u00e3o Profissional do CRA-RN, Adm. Alice Dantas, realizou reuni\u00e3o com os coordenadores quando foram discutidos temas essenciais, como a necessidade de estreitar rela\u00e7\u00f5es com as universidades, garantir a qualidade da aprendizagem e alinhar os curr\u00edculos \u00e0s demandas do mercado.<\/p>\n<p>Os coordenadores presentes compartilharam desafios e particularidades de suas institui\u00e7\u00f5es, destacando a import\u00e2ncia da proximidade com o CRA-RN, a valoriza\u00e7\u00e3o do profissional de Administra\u00e7\u00e3o e a adapta\u00e7\u00e3o ao novo cen\u00e1rio educacional, marcado pela expans\u00e3o do ensino a dist\u00e2ncia (EAD) e o avan\u00e7o da intelig\u00eancia artificial. Tamb\u00e9m foi ressaltada a necessidade de apoio aos professores e maior engajamento dos estudantes na profiss\u00e3o.<\/p>\n<p>Outro ponto de destaque foi a proposta de retomada do Encontro de Professores e Coordenadores de Cursos (EPROCAD), visando fortalecer a rede de contatos entre educadores e o Conselho, promovendo motiva\u00e7\u00e3o e engajamento tanto dos docentes quanto dos alunos.<\/p>\n<p>O conselheiro federal pelo RN, Adm. J\u00falio Rezende, informou que o CRA-RN, em parceria com o CFA, est\u00e1 desenvolvendo uma palestra sobre a qualidade do ensino, abordando a realidade do mercado e os desafios atuais da educa\u00e7\u00e3o.<\/p>\n<p>Ao final, a diretora celebrou a ampla representatividade da reuni\u00e3o, com a participa\u00e7\u00e3o de coordenadores de cursos t\u00e9cnicos e superiores, incluindo representantes do interior do estado. Ela sugeriu a realiza\u00e7\u00e3o de encontros semestrais e informou que um formul\u00e1rio ser\u00e1 disponibilizado para coletar demandas e sugest\u00f5es dos participantes, contribuindo para futuras a\u00e7\u00f5es do CRA-RN voltadas \u00e0 melhoria do ensino e \u00e0 valoriza\u00e7\u00e3o da Administra\u00e7\u00e3o.<\/p>\n<p>A reuni\u00e3o contou com a participa\u00e7\u00e3o presencial da diretora, Adm. Alice Dantas, do conselheiro, Adm. J\u00falio Rezende e dos coordenadores Cristiano J\u00falio Dourado, da UnP; Ra\u00e9rio de Almeida Can\u00e1rio, da EETI Dr. Ant\u00f4nio de Souza. De forma remota, participaram os coordenadores, Jordan Medeiros de Oliveira, da Universidade Potiguar &#8211; Campus Mossor\u00f3; Lenilson Firmino de Sousa Junior da UNINASSAU Natal; Karla Dayane Bezerra Cruz, da Faculdade do Serid\u00f3 (FAZ) e Sandra de Souza Paiva, da UERN.<\/p>\n<p>\u00a0<\/p>\n<p>\u00a0<\/p>\n<p>\u00a0<\/p>\n<p>\u00a0<\/p>\n<button class=\"simplefavorite-button\" data-postid=\"67468\" data-siteid=\"1\" data-groupid=\"1\" data-favoritecount=\"0\" style=\"\">Favorite <i class=\"sf-icon-star-empty\"><\/i><\/button>","protected":false},"excerpt":{"rendered":"<p>O Conselho Regional de Administra\u00e7\u00e3o do Rio Grande do Norte (CRA-RN) refor\u00e7ou seu compromisso com o fortalecimento da educa\u00e7\u00e3o e discutiu a qualidade da Forma\u00e7\u00e3o em Administra\u00e7\u00e3o ao retomar o contato com coordenadores de cursos de diversas institui\u00e7\u00f5es de ensino. Nesta ter\u00e7a-feira (11\/02), a diretora de Forma\u00e7\u00e3o Profissional do CRA-RN, Adm. Alice Dantas, realizou reuni\u00e3o<a class=\"read-more\" href=\"https:\/\/crarn.org.br\/?p=67468\"> [&hellip;]<\/a><\/p>\n","protected":false},"author":26,"featured_media":67469,"comment_status":"closed","ping_status":"open","sticky":false,"template":"","format":"standard","meta":{"_price":"","_stock":"","_tribe_ticket_header":"","_tribe_default_ticket_provider":"","_tribe_ticket_capacity":"0","_ticket_start_date":"","_ticket_end_date":"","_tribe_ticket_show_description":"","_tribe_ticket_show_not_going":false,"_tribe_ticket_use_global_stock":"","_tribe_ticket_global_stock_level":"","_global_stock_mode":"","_global_stock_cap":"","_tribe_rsvp_for_event":"","_tribe_ticket_going_count":"","_tribe_ticket_not_going_count":"","_tribe_tickets_list":"[]","_tribe_ticket_has_attendee_info_fields":false,"footnotes":"","_links_to":"","_links_to_target":""},"categories":[585,310,320,399,309],"tags":[],"class_list":["post-67468","post","type-post","status-publish","format-standard","has-post-thumbnail","hentry","category-ano-2025","category-destaque-grande","category-home","category-institucional","category-ultimas-noticias","entry","has-media"],"_links":{"self":[{"href":"https:\/\/crarn.org.br\/index.php?rest_route=\/wp\/v2\/posts\/67468","targetHints":{"allow":["GET"]}}],"collection":[{"href":"https:\/\/crarn.org.br\/index.php?rest_route=\/wp\/v2\/posts"}],"about":[{"href":"https:\/\/crarn.org.br\/index.php?rest_route=\/wp\/v2\/types\/post"}],"author":[{"embeddable":true,"href":"https:\/\/crarn.org.br\/index.php?rest_route=\/wp\/v2\/users\/26"}],"replies":[{"embeddable":true,"href":"https:\/\/crarn.org.br\/index.php?rest_route=%2Fwp%2Fv2%2Fcomments&post=67468"}],"version-history":[{"count":2,"href":"https:\/\/crarn.org.br\/index.php?rest_route=\/wp\/v2\/posts\/67468\/revisions"}],"predecessor-version":[{"id":67471,"href":"https:\/\/crarn.org.br\/index.php?rest_route=\/wp\/v2\/posts\/67468\/revisions\/67471"}],"wp:featuredmedia":[{"embeddable":true,"href":"https:\/\/crarn.org.br\/index.php?rest_route=\/wp\/v2\/media\/67469"}],"wp:attachment":[{"href":"https:\/\/crarn.org.br\/index.php?rest_route=%2Fwp%2Fv2%2Fmedia&parent=67468"}],"wp:term":[{"taxonomy":"category","embeddable":true,"href":"https:\/\/crarn.org.br\/index.php?rest_route=%2Fwp%2Fv2%2Fcategories&post=67468"},{"taxonomy":"post_tag","embeddable":true,"href":"https:\/\/crarn.org.br\/index.php?rest_route=%2Fwp%2Fv2%2Ftags&post=67468"}],"curies":[{"name":"wp","href":"https:\/\/api.w.org\/{rel}","templated":true}]}}