{"id":67347,"date":"2025-02-07T13:00:19","date_gmt":"2025-02-07T16:00:19","guid":{"rendered":"https:\/\/crarn.org.br\/?p=67347"},"modified":"2025-02-07T13:02:23","modified_gmt":"2025-02-07T16:02:23","slug":"edicao-jubileu-de-diamante-do-premio-cfa-guerreiro-ramos-oferecera-r-60-mil-em-premios","status":"publish","type":"post","link":"https:\/\/crarn.org.br\/?p=67347","title":{"rendered":"Edi\u00e7\u00e3o Jubileu de Diamante do Pr\u00eamio CFA Guerreiro Ramos oferecer\u00e1 R$ 60 mil em pr\u00eamios"},"content":{"rendered":"\n<h3 style=\"text-align: center;\"><i>No ano do Jubileu de Diamante da Administra\u00e7\u00e3o, premia\u00e7\u00e3o concedida pelo CFA vai reconhecer trabalhos <\/i><\/h3>\n<h3 style=\"text-align: center;\"><i>de excel\u00eancia na administra\u00e7\u00e3o p\u00fablica<\/i><\/h3>\n<p>\u00a0<\/p>\n<p>J\u00e1 pensou ver o seu trabalho reconhecido, divulgado e premiado? Parece um sonho distante, mas para os estudantes e profissionais de Administra\u00e7\u00e3o esse desejo pode ser realizado por meio do Pr\u00eamio CFA Guerreiro Ramos \u2013 Edi\u00e7\u00e3o Jubileu de Diamante da Administra\u00e7\u00e3o. Promovido pelo Conselho Federal de Administra\u00e7\u00e3o (CFA), a premia\u00e7\u00e3o est\u00e1 com as inscri\u00e7\u00f5es abertas.<\/p>\n<p>Nesta edi\u00e7\u00e3o, o tema central do Pr\u00eamio \u00e9\u00a0<i>\u201cIntelig\u00eancia Artificial na Administra\u00e7\u00e3o P\u00fablica: impactos, benef\u00edcios e desafios no processo de gest\u00e3o\u201d<\/i>. Para o diretor da C\u00e2mara de Gest\u00e3o P\u00fablica do CFA, Adm. Emerson Clayton Arantes, a premia\u00e7\u00e3o busca incentivar e reconhecer pesquisas inovadoras voltadas para a administra\u00e7\u00e3o p\u00fablica no Brasil.<\/p>\n<blockquote>\n<p>\u201cCriado em homenagem ao renomado soci\u00f3logo e pensador Alberto Guerreiro Ramos, o pr\u00eamio destaca trabalhos que apresentam solu\u00e7\u00f5es criativas para desafios enfrentados pela gest\u00e3o p\u00fablica. A premia\u00e7\u00e3o \u00e9 dividida em diferentes categorias, abrangendo desde estudos acad\u00eamicos at\u00e9 pr\u00e1ticas inovadoras implementadas por gestores p\u00fablicos\u201d, explica o diretor.<\/p>\n<\/blockquote>\n<p><b>Categorias<\/b><\/p>\n<p>O Pr\u00eamio CFA Guerreiro Ramos tem duas categorias:\u00a0<b>Pesquisa Cient\u00edfica<\/b>, que \u00e9 voltada para estudantes de gradua\u00e7\u00e3o cadastrados no CRA e que tenham desenvolvido pesquisa cient\u00edfica na \u00e1rea da Administra\u00e7\u00e3o; e\u00a0<b>Pr\u00e1ticas Inovadoras<\/b>, destinada aos profissionais de Administra\u00e7\u00e3o registrados que tenham coordenado, executado, participado ou implementado pr\u00e1ticas inovadoras de gest\u00e3o em qualquer esfera da Administra\u00e7\u00e3o P\u00fablica.<\/p>\n<p>Os trabalhos poder\u00e3o ser inscritos com autoria individual ou coletiva e dever\u00e3o estar\u00a0relacionados com o tema central do concurso.<\/p>\n<p><b>Inscri\u00e7\u00f5es<\/b><\/p>\n<p>Para participar, os interessados dever\u00e3o fazer a inscri\u00e7\u00e3o no site\u00a0<a href=\"https:\/\/premioguerreiroramos.cfa.org.br\/\"><b>https:\/\/premioguerreiroramos.cfa.org.br\/<\/b><\/a>\u00a0no per\u00edodo de\u00a0<b>30 de janeiro a 16 de maio de 2025.<\/b>\u00a0A inscri\u00e7\u00e3o \u00e9 totalmente gratuita, mas os candidatos devem ficar atentos \u00e0s regras do edital do Pr\u00eamio para terem seus trabalhos validados.<\/p>\n<p>Entre os crit\u00e9rios que ser\u00e3o avaliados na categoria Pesquisa Cient\u00edfica est\u00e3o relev\u00e2ncia social, car\u00e1ter inovador, base conceitual e metodologia, al\u00e9m dos resultados alcan\u00e7ados. J\u00e1 os trabalhos inscritos na categoria Pr\u00e1ticas Inovadoras ser\u00e3o analisados quanto a rela\u00e7\u00e3o custo-benef\u00edcio, efetividade dos resultados, replicabilidade da iniciativa e, tamb\u00e9m, relev\u00e2ncia social e car\u00e1ter inovador.<\/p>\n<p><b>Premia\u00e7\u00e3o<\/b><\/p>\n<p>Os tr\u00eas primeiros colocados em cada categoria v\u00e3o receber premia\u00e7\u00e3o em dinheiro. O Pr\u00eamio CFA de Gest\u00e3o P\u00fablica vai oferecer, nesta edi\u00e7\u00e3o, R$ 60 mil em pr\u00eamios. O valor faz refer\u00eancia aos 60 anos de regulamenta\u00e7\u00e3o da profiss\u00e3o no Brasil. Al\u00e9m disso, o vencedor tamb\u00e9m ser\u00e1 reconhecido com um trof\u00e9u e um selo de reconhecimento e, todos que participarem e tiverem seus trabalhos reconhecidos, receber\u00e3o certificados.<\/p>\n<p>Confira, abaixo, o valor do Pr\u00eamio em dinheiro.<\/p>\n<p>I \u2013 Categoria Pesquisa Cient\u00edfica:<\/p>\n<ol start=\"7\">\n<li>a) Primeiro colocado: R$ 7.000,00<\/li>\n<li>b) Segundo colocado: R$ 6.000,00<\/li>\n<li>c) Terceiro colocado: R$ 5.000,00.<\/li>\n<\/ol>\n<p>II \u2013 Categoria Pr\u00e1ticas Inovadoras:<\/p>\n<ol start=\"17\">\n<li>a) Primeiro colocado: R$ 17.000,00<\/li>\n<li>b) Segundo colocado: R$ 15.000,00<\/li>\n<li>c) Terceiro colocado: R$ 10.000,00.<\/li>\n<\/ol>\n<p>\u00a0<\/p>\n<p>Mais informa\u00e7\u00f5es, consulte o edital do Pr\u00eamio CFA Guerreiro Ramos:\u00a0<a href=\"https:\/\/premioguerreiroramos.cfa.org.br\/\">https:\/\/premioguerreiroramos.cfa.org.br<\/a>\/.<\/p>\n<p>\u00a0<\/p>\n<p>Ana Graciele Gon\u00e7alves<\/p>\n<p>Assessoria de Comunica\u00e7\u00e3o CFA<\/p>\n<button class=\"simplefavorite-button\" data-postid=\"67347\" data-siteid=\"1\" data-groupid=\"1\" data-favoritecount=\"0\" style=\"\">Favorite <i class=\"sf-icon-star-empty\"><\/i><\/button>","protected":false},"excerpt":{"rendered":"<p>No ano do Jubileu de Diamante da Administra\u00e7\u00e3o, premia\u00e7\u00e3o concedida pelo CFA vai reconhecer trabalhos de excel\u00eancia na administra\u00e7\u00e3o p\u00fablica \u00a0 J\u00e1 pensou ver o seu trabalho reconhecido, divulgado e premiado? Parece um sonho distante, mas para os estudantes e profissionais de Administra\u00e7\u00e3o esse desejo pode ser realizado por meio do Pr\u00eamio CFA Guerreiro Ramos<a class=\"read-more\" href=\"https:\/\/crarn.org.br\/?p=67347\"> [&hellip;]<\/a><\/p>\n","protected":false},"author":26,"featured_media":67348,"comment_status":"closed","ping_status":"open","sticky":false,"template":"","format":"standard","meta":{"_price":"","_stock":"","_tribe_ticket_header":"","_tribe_default_ticket_provider":"","_tribe_ticket_capacity":"0","_ticket_start_date":"","_ticket_end_date":"","_tribe_ticket_show_description":"","_tribe_ticket_show_not_going":false,"_tribe_ticket_use_global_stock":"","_tribe_ticket_global_stock_level":"","_global_stock_mode":"","_global_stock_cap":"","_tribe_rsvp_for_event":"","_tribe_ticket_going_count":"","_tribe_ticket_not_going_count":"","_tribe_tickets_list":"[]","_tribe_ticket_has_attendee_info_fields":false,"footnotes":"","_links_to":"","_links_to_target":""},"categories":[585,320,399,1,309],"tags":[],"class_list":["post-67347","post","type-post","status-publish","format-standard","has-post-thumbnail","hentry","category-ano-2025","category-home","category-institucional","category-sem-categoria","category-ultimas-noticias","entry","has-media"],"_links":{"self":[{"href":"https:\/\/crarn.org.br\/index.php?rest_route=\/wp\/v2\/posts\/67347","targetHints":{"allow":["GET"]}}],"collection":[{"href":"https:\/\/crarn.org.br\/index.php?rest_route=\/wp\/v2\/posts"}],"about":[{"href":"https:\/\/crarn.org.br\/index.php?rest_route=\/wp\/v2\/types\/post"}],"author":[{"embeddable":true,"href":"https:\/\/crarn.org.br\/index.php?rest_route=\/wp\/v2\/users\/26"}],"replies":[{"embeddable":true,"href":"https:\/\/crarn.org.br\/index.php?rest_route=%2Fwp%2Fv2%2Fcomments&post=67347"}],"version-history":[{"count":2,"href":"https:\/\/crarn.org.br\/index.php?rest_route=\/wp\/v2\/posts\/67347\/revisions"}],"predecessor-version":[{"id":67350,"href":"https:\/\/crarn.org.br\/index.php?rest_route=\/wp\/v2\/posts\/67347\/revisions\/67350"}],"wp:featuredmedia":[{"embeddable":true,"href":"https:\/\/crarn.org.br\/index.php?rest_route=\/wp\/v2\/media\/67348"}],"wp:attachment":[{"href":"https:\/\/crarn.org.br\/index.php?rest_route=%2Fwp%2Fv2%2Fmedia&parent=67347"}],"wp:term":[{"taxonomy":"category","embeddable":true,"href":"https:\/\/crarn.org.br\/index.php?rest_route=%2Fwp%2Fv2%2Fcategories&post=67347"},{"taxonomy":"post_tag","embeddable":true,"href":"https:\/\/crarn.org.br\/index.php?rest_route=%2Fwp%2Fv2%2Ftags&post=67347"}],"curies":[{"name":"wp","href":"https:\/\/api.w.org\/{rel}","templated":true}]}}