{"id":67342,"date":"2025-02-06T16:25:30","date_gmt":"2025-02-06T19:25:30","guid":{"rendered":"https:\/\/crarn.org.br\/?p=67342"},"modified":"2025-02-06T17:00:08","modified_gmt":"2025-02-06T20:00:08","slug":"presidente-do-cra-rn-participa-do-1-forum-de-presidentes-do-sistema-cfa-cras-2025","status":"publish","type":"post","link":"https:\/\/crarn.org.br\/?p=67342","title":{"rendered":"Presidente do CRA-RN participa do 1\u00b0 F\u00f3rum de Presidentes do Sistema CFA\/CRAs \u2013 2025"},"content":{"rendered":"\n<p>O presidente do Conselho Regional de Administra\u00e7\u00e3o do Rio Grande do Norte (CRA-RN), Adm. Fl\u00e1vio Em\u00edlio Cavalcanti, est\u00e1 participando do 1\u00b0 F\u00f3rum de Presidentes do Sistema CFA\/CRAs \u2013 2025, que acontece nos dias 6 e 7 de fevereiro, em Bras\u00edlia.<\/p>\n<p>A abertura do evento foi conduzida pelo presidente do Conselho Federal de Administra\u00e7\u00e3o (CFA), Adm. Leonardo Macedo, e reuniu os gestores dos regionais para discutir temas estrat\u00e9gicos para o fortalecimento da profiss\u00e3o e dos Conselhos.<\/p>\n<p>Entre os principais assuntos debatidos, destacam-se: estrat\u00e9gias para recupera\u00e7\u00e3o de inadimpl\u00eancia; resultados e perspectivas do conv\u00eanio com a Must University; propostas dos presidentes sobre proporcionalidade da anuidade para licen\u00e7as e cancelamentos; revis\u00e3o do C\u00f3digo de \u00c9tica e Disciplina dos Profissionais de Administra\u00e7\u00e3o e diretrizes do PRODER 2025.<\/p>\n<p>O Jubileu da Administra\u00e7\u00e3o foi o tema central do encontro, com foco no fortalecimento da marca CFA\/CRAs, estrat\u00e9gias de m\u00eddia e divulga\u00e7\u00e3o, al\u00e9m da organiza\u00e7\u00e3o de eventos e homenagens alusivas \u00e0 data.<\/p>\n<button class=\"simplefavorite-button\" data-postid=\"67342\" data-siteid=\"1\" data-groupid=\"1\" data-favoritecount=\"0\" style=\"\">Favorite <i class=\"sf-icon-star-empty\"><\/i><\/button>","protected":false},"excerpt":{"rendered":"<p>O presidente do Conselho Regional de Administra\u00e7\u00e3o do Rio Grande do Norte (CRA-RN), Adm. Fl\u00e1vio Em\u00edlio Cavalcanti, est\u00e1 participando do 1\u00b0 F\u00f3rum de Presidentes do Sistema CFA\/CRAs \u2013 2025, que acontece nos dias 6 e 7 de fevereiro, em Bras\u00edlia. A abertura do evento foi conduzida pelo presidente do Conselho Federal de Administra\u00e7\u00e3o (CFA), Adm.<a class=\"read-more\" href=\"https:\/\/crarn.org.br\/?p=67342\"> [&hellip;]<\/a><\/p>\n","protected":false},"author":26,"featured_media":67346,"comment_status":"closed","ping_status":"open","sticky":false,"template":"","format":"standard","meta":{"_price":"","_stock":"","_tribe_ticket_header":"","_tribe_default_ticket_provider":"","_tribe_ticket_capacity":"0","_ticket_start_date":"","_ticket_end_date":"","_tribe_ticket_show_description":"","_tribe_ticket_show_not_going":false,"_tribe_ticket_use_global_stock":"","_tribe_ticket_global_stock_level":"","_global_stock_mode":"","_global_stock_cap":"","_tribe_rsvp_for_event":"","_tribe_ticket_going_count":"","_tribe_ticket_not_going_count":"","_tribe_tickets_list":"[]","_tribe_ticket_has_attendee_info_fields":false,"footnotes":"","_links_to":"","_links_to_target":""},"categories":[585,310,320,309],"tags":[],"class_list":["post-67342","post","type-post","status-publish","format-standard","has-post-thumbnail","hentry","category-ano-2025","category-destaque-grande","category-home","category-ultimas-noticias","entry","has-media"],"_links":{"self":[{"href":"https:\/\/crarn.org.br\/index.php?rest_route=\/wp\/v2\/posts\/67342","targetHints":{"allow":["GET"]}}],"collection":[{"href":"https:\/\/crarn.org.br\/index.php?rest_route=\/wp\/v2\/posts"}],"about":[{"href":"https:\/\/crarn.org.br\/index.php?rest_route=\/wp\/v2\/types\/post"}],"author":[{"embeddable":true,"href":"https:\/\/crarn.org.br\/index.php?rest_route=\/wp\/v2\/users\/26"}],"replies":[{"embeddable":true,"href":"https:\/\/crarn.org.br\/index.php?rest_route=%2Fwp%2Fv2%2Fcomments&post=67342"}],"version-history":[{"count":1,"href":"https:\/\/crarn.org.br\/index.php?rest_route=\/wp\/v2\/posts\/67342\/revisions"}],"predecessor-version":[{"id":67344,"href":"https:\/\/crarn.org.br\/index.php?rest_route=\/wp\/v2\/posts\/67342\/revisions\/67344"}],"wp:featuredmedia":[{"embeddable":true,"href":"https:\/\/crarn.org.br\/index.php?rest_route=\/wp\/v2\/media\/67346"}],"wp:attachment":[{"href":"https:\/\/crarn.org.br\/index.php?rest_route=%2Fwp%2Fv2%2Fmedia&parent=67342"}],"wp:term":[{"taxonomy":"category","embeddable":true,"href":"https:\/\/crarn.org.br\/index.php?rest_route=%2Fwp%2Fv2%2Fcategories&post=67342"},{"taxonomy":"post_tag","embeddable":true,"href":"https:\/\/crarn.org.br\/index.php?rest_route=%2Fwp%2Fv2%2Ftags&post=67342"}],"curies":[{"name":"wp","href":"https:\/\/api.w.org\/{rel}","templated":true}]}}