{"id":67279,"date":"2025-01-15T15:38:15","date_gmt":"2025-01-15T18:38:15","guid":{"rendered":"https:\/\/crarn.org.br\/?p=67279"},"modified":"2025-01-15T15:38:17","modified_gmt":"2025-01-15T18:38:17","slug":"presidente-do-cra-rn-participa-de-colacao-de-grau-do-curso-de-administracao-da-uni-rn","status":"publish","type":"post","link":"https:\/\/crarn.org.br\/?p=67279","title":{"rendered":"Presidente do CRA-RN Participa de Cola\u00e7\u00e3o de Grau do Curso de Administra\u00e7\u00e3o da UNI-RN\u00a0"},"content":{"rendered":"\n<p>Nesta quarta-feira, dia 15 de janeiro, o Centro Universit\u00e1rio UNI-RN realiza a cerim\u00f4nia de cola\u00e7\u00e3o de grau dos cursos de Administra\u00e7\u00e3o, Ci\u00eancias Cont\u00e1beis Psicologia, Direito, Educa\u00e7\u00e3o F\u00edsica, Enfermagem e Nutri\u00e7\u00e3o.<\/p>\n<p>O evento est\u00e1 sendo realizado no Teatro Riachuelo, nos turnos da manh\u00e3, tarde e noite.<\/p>\n<p>O presidente do CRA-RN, Adm. Fl\u00e1vio Em\u00edlio Cavalcanti, participou da solenidade da parte da manh\u00e3, quando colaram grau os alunos de Administra\u00e7\u00e3o, Ci\u00eancias Cont\u00e1beis e Psicologia.<\/p>\n<p>A participa\u00e7\u00e3o do presidente, refor\u00e7a o compromisso de aproxima\u00e7\u00e3o do CRA-RN com as Institui\u00e7\u00f5es de Ensino Superior e com o reconhecimento e valoriza\u00e7\u00e3o dos novos administradores que ingressam no mercado de trabalho, demonstrando, ainda, o apoio e incentivo do regional \u00e0 forma\u00e7\u00e3o de profissionais qualificados, prontos para enfrentar os desafios da \u00e1rea de Administra\u00e7\u00e3o.\u00a0<\/p>\n<button class=\"simplefavorite-button\" data-postid=\"67279\" data-siteid=\"1\" data-groupid=\"1\" data-favoritecount=\"0\" style=\"\">Favorite <i class=\"sf-icon-star-empty\"><\/i><\/button>","protected":false},"excerpt":{"rendered":"<p>Nesta quarta-feira, dia 15 de janeiro, o Centro Universit\u00e1rio UNI-RN realiza a cerim\u00f4nia de cola\u00e7\u00e3o de grau dos cursos de Administra\u00e7\u00e3o, Ci\u00eancias Cont\u00e1beis Psicologia, Direito, Educa\u00e7\u00e3o F\u00edsica, Enfermagem e Nutri\u00e7\u00e3o. O evento est\u00e1 sendo realizado no Teatro Riachuelo, nos turnos da manh\u00e3, tarde e noite. O presidente do CRA-RN, Adm. Fl\u00e1vio Em\u00edlio Cavalcanti, participou da<a class=\"read-more\" href=\"https:\/\/crarn.org.br\/?p=67279\"> [&hellip;]<\/a><\/p>\n","protected":false},"author":26,"featured_media":67282,"comment_status":"closed","ping_status":"open","sticky":false,"template":"","format":"standard","meta":{"_price":"","_stock":"","_tribe_ticket_header":"","_tribe_default_ticket_provider":"","_tribe_ticket_capacity":"0","_ticket_start_date":"","_ticket_end_date":"","_tribe_ticket_show_description":"","_tribe_ticket_show_not_going":false,"_tribe_ticket_use_global_stock":"","_tribe_ticket_global_stock_level":"","_global_stock_mode":"","_global_stock_cap":"","_tribe_rsvp_for_event":"","_tribe_ticket_going_count":"","_tribe_ticket_not_going_count":"","_tribe_tickets_list":"[]","_tribe_ticket_has_attendee_info_fields":false,"footnotes":"","_links_to":"","_links_to_target":""},"categories":[585,310,320,399,309],"tags":[],"class_list":["post-67279","post","type-post","status-publish","format-standard","has-post-thumbnail","hentry","category-ano-2025","category-destaque-grande","category-home","category-institucional","category-ultimas-noticias","entry","has-media"],"_links":{"self":[{"href":"https:\/\/crarn.org.br\/index.php?rest_route=\/wp\/v2\/posts\/67279","targetHints":{"allow":["GET"]}}],"collection":[{"href":"https:\/\/crarn.org.br\/index.php?rest_route=\/wp\/v2\/posts"}],"about":[{"href":"https:\/\/crarn.org.br\/index.php?rest_route=\/wp\/v2\/types\/post"}],"author":[{"embeddable":true,"href":"https:\/\/crarn.org.br\/index.php?rest_route=\/wp\/v2\/users\/26"}],"replies":[{"embeddable":true,"href":"https:\/\/crarn.org.br\/index.php?rest_route=%2Fwp%2Fv2%2Fcomments&post=67279"}],"version-history":[{"count":1,"href":"https:\/\/crarn.org.br\/index.php?rest_route=\/wp\/v2\/posts\/67279\/revisions"}],"predecessor-version":[{"id":67281,"href":"https:\/\/crarn.org.br\/index.php?rest_route=\/wp\/v2\/posts\/67279\/revisions\/67281"}],"wp:featuredmedia":[{"embeddable":true,"href":"https:\/\/crarn.org.br\/index.php?rest_route=\/wp\/v2\/media\/67282"}],"wp:attachment":[{"href":"https:\/\/crarn.org.br\/index.php?rest_route=%2Fwp%2Fv2%2Fmedia&parent=67279"}],"wp:term":[{"taxonomy":"category","embeddable":true,"href":"https:\/\/crarn.org.br\/index.php?rest_route=%2Fwp%2Fv2%2Fcategories&post=67279"},{"taxonomy":"post_tag","embeddable":true,"href":"https:\/\/crarn.org.br\/index.php?rest_route=%2Fwp%2Fv2%2Ftags&post=67279"}],"curies":[{"name":"wp","href":"https:\/\/api.w.org\/{rel}","templated":true}]}}