{"id":67232,"date":"2024-12-19T11:20:52","date_gmt":"2024-12-19T14:20:52","guid":{"rendered":"https:\/\/crarn.org.br\/?p=67232"},"modified":"2024-12-19T11:20:54","modified_gmt":"2024-12-19T14:20:54","slug":"cra-rn-encerra-2024-com-conselheiros-e-servidores","status":"publish","type":"post","link":"https:\/\/crarn.org.br\/?p=67232","title":{"rendered":"CRA-RN encerra 2024 com Conselheiros e Servidores"},"content":{"rendered":"\n<p>Em clima de celebra\u00e7\u00e3o e uni\u00e3o, o Conselho Regional de Administra\u00e7\u00e3o do Rio Grande do Norte (CRA-RN) realizou sua confraterniza\u00e7\u00e3o de fim de ano, reunindo conselheiros e servidores para marcar o encerramento de mais um ciclo de trabalho.<\/p>\n<p>Durante o encontro, o presidente do CRA-RN, Adm. Fl\u00e1vio Em\u00edlio Cavalcanti, agradeceu o apoio e o empenho de cada um, cujo trabalho foi fundamental para os resultados alcan\u00e7ados neste ano. Olhamos para 2025 com boas perspectivas e a confian\u00e7a de que continuaremos a construir um CRA-RN cada vez mais forte e relevante para os administradores do estado&#8221;, afirmou.<\/p>\n<p>A noite contou com momentos de descontra\u00e7\u00e3o e integra\u00e7\u00e3o, fortalecendo o esp\u00edrito de equipe entre os participantes. Essa uni\u00e3o \u00e9 importante para o sucesso das iniciativas do CRA-RN, pois fomenta a colabora\u00e7\u00e3o e o engajamento de todos.<\/p>\n<p>O evento foi uma oportunidade para refor\u00e7ar la\u00e7os, refletir sobre as conquistas de 2024 e renovar as energias para os desafios do pr\u00f3ximo ano.<\/p>\n<button class=\"simplefavorite-button\" data-postid=\"67232\" data-siteid=\"1\" data-groupid=\"1\" data-favoritecount=\"0\" style=\"\">Favorite <i class=\"sf-icon-star-empty\"><\/i><\/button>","protected":false},"excerpt":{"rendered":"<p>Em clima de celebra\u00e7\u00e3o e uni\u00e3o, o Conselho Regional de Administra\u00e7\u00e3o do Rio Grande do Norte (CRA-RN) realizou sua confraterniza\u00e7\u00e3o de fim de ano, reunindo conselheiros e servidores para marcar o encerramento de mais um ciclo de trabalho. Durante o encontro, o presidente do CRA-RN, Adm. Fl\u00e1vio Em\u00edlio Cavalcanti, agradeceu o apoio e o empenho<a class=\"read-more\" href=\"https:\/\/crarn.org.br\/?p=67232\"> [&hellip;]<\/a><\/p>\n","protected":false},"author":26,"featured_media":67233,"comment_status":"closed","ping_status":"open","sticky":false,"template":"","format":"standard","meta":{"_price":"","_stock":"","_tribe_ticket_header":"","_tribe_default_ticket_provider":"","_tribe_ticket_capacity":"0","_ticket_start_date":"","_ticket_end_date":"","_tribe_ticket_show_description":"","_tribe_ticket_show_not_going":false,"_tribe_ticket_use_global_stock":"","_tribe_ticket_global_stock_level":"","_global_stock_mode":"","_global_stock_cap":"","_tribe_rsvp_for_event":"","_tribe_ticket_going_count":"","_tribe_ticket_not_going_count":"","_tribe_tickets_list":"[]","_tribe_ticket_has_attendee_info_fields":false,"footnotes":"","_links_to":"","_links_to_target":""},"categories":[580,310,320,309],"tags":[],"class_list":["post-67232","post","type-post","status-publish","format-standard","has-post-thumbnail","hentry","category-ano-2024","category-destaque-grande","category-home","category-ultimas-noticias","entry","has-media"],"_links":{"self":[{"href":"https:\/\/crarn.org.br\/index.php?rest_route=\/wp\/v2\/posts\/67232","targetHints":{"allow":["GET"]}}],"collection":[{"href":"https:\/\/crarn.org.br\/index.php?rest_route=\/wp\/v2\/posts"}],"about":[{"href":"https:\/\/crarn.org.br\/index.php?rest_route=\/wp\/v2\/types\/post"}],"author":[{"embeddable":true,"href":"https:\/\/crarn.org.br\/index.php?rest_route=\/wp\/v2\/users\/26"}],"replies":[{"embeddable":true,"href":"https:\/\/crarn.org.br\/index.php?rest_route=%2Fwp%2Fv2%2Fcomments&post=67232"}],"version-history":[{"count":1,"href":"https:\/\/crarn.org.br\/index.php?rest_route=\/wp\/v2\/posts\/67232\/revisions"}],"predecessor-version":[{"id":67234,"href":"https:\/\/crarn.org.br\/index.php?rest_route=\/wp\/v2\/posts\/67232\/revisions\/67234"}],"wp:featuredmedia":[{"embeddable":true,"href":"https:\/\/crarn.org.br\/index.php?rest_route=\/wp\/v2\/media\/67233"}],"wp:attachment":[{"href":"https:\/\/crarn.org.br\/index.php?rest_route=%2Fwp%2Fv2%2Fmedia&parent=67232"}],"wp:term":[{"taxonomy":"category","embeddable":true,"href":"https:\/\/crarn.org.br\/index.php?rest_route=%2Fwp%2Fv2%2Fcategories&post=67232"},{"taxonomy":"post_tag","embeddable":true,"href":"https:\/\/crarn.org.br\/index.php?rest_route=%2Fwp%2Fv2%2Ftags&post=67232"}],"curies":[{"name":"wp","href":"https:\/\/api.w.org\/{rel}","templated":true}]}}