{"id":67225,"date":"2024-12-18T12:18:54","date_gmt":"2024-12-18T15:18:54","guid":{"rendered":"https:\/\/crarn.org.br\/?p=67225"},"modified":"2024-12-18T12:26:22","modified_gmt":"2024-12-18T15:26:22","slug":"cra-rn-realiza-ultima-sessao-plenaria-de-2024","status":"publish","type":"post","link":"https:\/\/crarn.org.br\/?p=67225","title":{"rendered":"CRA-RN realiza \u00faltima sess\u00e3o plen\u00e1ria de 2024"},"content":{"rendered":"\n<p><\/p>\n\n\n\n<p>O Conselho Regional de Administra\u00e7\u00e3o do Rio Grande do Norte (CRA-RN) realizou, nesta quarta-feira, a \u00faltima sess\u00e3o plen\u00e1ria do ano de 2024, marcada por assuntos estrat\u00e9gicos e avalia\u00e7\u00f5es do desempenho anual.<\/p>\n\n\n\n<p>A reuni\u00e3o foi conduzida pelo presidente do CRA-RN, Adm. Fl\u00e1vio Em\u00edlio Monteiro Cavalcanti, que abriu os trabalhos abordando o planejamento estrat\u00e9gico para o bi\u00eanio 2025\/2026 e discutiu quest\u00f5es como o percentual de desconto e parcelamento da anuidade de 2025.<\/p>\n\n\n\n<p>O vice-presidente, Adm. Claudio Henrique Bessa de Menezes, compartilhou sua participa\u00e7\u00e3o no 5\u00ba F\u00f3rum de Presidentes do Sistema CFA\/CRAs, realizado em Gramado, durante o F\u00f3rum Internacional de Administra\u00e7\u00e3o (FIA).<\/p>\n\n\n\n<p>As diretorias tamb\u00e9m apresentaram relat\u00f3rios importantes. Entre os temas abordados estavam: participa\u00e7\u00e3o do regional no ENAF (Encontro Nacional de Fiscais) em Bras\u00edlia; visita t\u00e9cnica de um representante do CFA para treinamento sobre higieniza\u00e7\u00e3o de dados e recupera\u00e7\u00e3o de cr\u00e9dito; processos administrativos como o cancelamento de registros de profissionais inativo e sugest\u00f5es de cursos e treinamentos a serem ofertados em 2025.<\/p>\n\n\n\n<p>A \u00e1rea administrativa e financeira do CRA-RN tamb\u00e9m trouxe informes sobre receita e despesa, balan\u00e7os financeiros de novembro de 2024, posi\u00e7\u00e3o de pessoas f\u00edsicas e jur\u00eddicas registradas, al\u00e9m de atualiza\u00e7\u00f5es sobre d\u00edvida ativa e execu\u00e7\u00f5es fiscais.<\/p>\n\n\n\n<p>Al\u00e9m do presidente e do vice-presidente, participaram da sess\u00e3o, a diretora de Fiscaliza\u00e7\u00e3o e Registro, Adm. Kate Maciel; a diretora Administrativa e Financeira, Adm. C\u00e9lia Ribeiro; a diretora de Forma\u00e7\u00e3o Profissional, Adm. Val\u00e9ria Ara\u00fajo; e os conselheiros efetivos Adm. Maria das Neves Maia, Adm. Alice Dantas e Adm. Leonardo Lima.<\/p>\n\n\n\n<p>A plen\u00e1ria concluiu com alinhamentos para os desafios e metas do pr\u00f3ximo ano, reafirmando o compromisso do CRA-RN em fortalecer a atua\u00e7\u00e3o dos profissionais da Administra\u00e7\u00e3o no estado.<\/p>\n<button class=\"simplefavorite-button\" data-postid=\"67225\" data-siteid=\"1\" data-groupid=\"1\" data-favoritecount=\"0\" style=\"\">Favorite <i class=\"sf-icon-star-empty\"><\/i><\/button>","protected":false},"excerpt":{"rendered":"<p>O Conselho Regional de Administra\u00e7\u00e3o do Rio Grande do Norte (CRA-RN) realizou, nesta quarta-feira, a \u00faltima sess\u00e3o plen\u00e1ria do ano de 2024, marcada por assuntos estrat\u00e9gicos e avalia\u00e7\u00f5es do desempenho anual. A reuni\u00e3o foi conduzida pelo presidente do CRA-RN, Adm. Fl\u00e1vio Em\u00edlio Monteiro Cavalcanti, que abriu os trabalhos abordando o planejamento estrat\u00e9gico para o bi\u00eanio<a class=\"read-more\" href=\"https:\/\/crarn.org.br\/?p=67225\"> [&hellip;]<\/a><\/p>\n","protected":false},"author":26,"featured_media":67230,"comment_status":"closed","ping_status":"open","sticky":false,"template":"","format":"standard","meta":{"_price":"","_stock":"","_tribe_ticket_header":"","_tribe_default_ticket_provider":"","_tribe_ticket_capacity":"0","_ticket_start_date":"","_ticket_end_date":"","_tribe_ticket_show_description":"","_tribe_ticket_show_not_going":false,"_tribe_ticket_use_global_stock":"","_tribe_ticket_global_stock_level":"","_global_stock_mode":"","_global_stock_cap":"","_tribe_rsvp_for_event":"","_tribe_ticket_going_count":"","_tribe_ticket_not_going_count":"","_tribe_tickets_list":"[]","_tribe_ticket_has_attendee_info_fields":false,"footnotes":"","_links_to":"","_links_to_target":""},"categories":[580,310,320,399,309],"tags":[],"class_list":["post-67225","post","type-post","status-publish","format-standard","has-post-thumbnail","hentry","category-ano-2024","category-destaque-grande","category-home","category-institucional","category-ultimas-noticias","entry","has-media"],"_links":{"self":[{"href":"https:\/\/crarn.org.br\/index.php?rest_route=\/wp\/v2\/posts\/67225","targetHints":{"allow":["GET"]}}],"collection":[{"href":"https:\/\/crarn.org.br\/index.php?rest_route=\/wp\/v2\/posts"}],"about":[{"href":"https:\/\/crarn.org.br\/index.php?rest_route=\/wp\/v2\/types\/post"}],"author":[{"embeddable":true,"href":"https:\/\/crarn.org.br\/index.php?rest_route=\/wp\/v2\/users\/26"}],"replies":[{"embeddable":true,"href":"https:\/\/crarn.org.br\/index.php?rest_route=%2Fwp%2Fv2%2Fcomments&post=67225"}],"version-history":[{"count":2,"href":"https:\/\/crarn.org.br\/index.php?rest_route=\/wp\/v2\/posts\/67225\/revisions"}],"predecessor-version":[{"id":67229,"href":"https:\/\/crarn.org.br\/index.php?rest_route=\/wp\/v2\/posts\/67225\/revisions\/67229"}],"wp:featuredmedia":[{"embeddable":true,"href":"https:\/\/crarn.org.br\/index.php?rest_route=\/wp\/v2\/media\/67230"}],"wp:attachment":[{"href":"https:\/\/crarn.org.br\/index.php?rest_route=%2Fwp%2Fv2%2Fmedia&parent=67225"}],"wp:term":[{"taxonomy":"category","embeddable":true,"href":"https:\/\/crarn.org.br\/index.php?rest_route=%2Fwp%2Fv2%2Fcategories&post=67225"},{"taxonomy":"post_tag","embeddable":true,"href":"https:\/\/crarn.org.br\/index.php?rest_route=%2Fwp%2Fv2%2Ftags&post=67225"}],"curies":[{"name":"wp","href":"https:\/\/api.w.org\/{rel}","templated":true}]}}