{"id":67222,"date":"2024-12-17T15:21:53","date_gmt":"2024-12-17T18:21:53","guid":{"rendered":"https:\/\/crarn.org.br\/?p=67222"},"modified":"2024-12-19T11:21:43","modified_gmt":"2024-12-19T14:21:43","slug":"equipe-de-fiscalizacao-do-cra-rn-marca-presenca-no-enaf-2024","status":"publish","type":"post","link":"https:\/\/crarn.org.br\/?p=67222","title":{"rendered":"Equipe de Fiscaliza\u00e7\u00e3o do CRA-RN marca presen\u00e7a no ENAF 2024"},"content":{"rendered":"\n<p>A equipe de fiscaliza\u00e7\u00e3o do Conselho Regional de Administra\u00e7\u00e3o do Rio Grande do Norte (CRA-RN), formada pela coordenadora Adm. Tatiana Costa Pinto e pelo fiscal administrador Adm. F\u00e1bio Maia, participou da segunda di\u00e7\u00e3o do Encontro Nacional de Fiscais do Sistema CFA\/CRAs (ENAF) em 2024, realizado recentemente de 16 a 17\/12, em Bras\u00edlia.<\/p>\n<p>Durante o evento, a coordenadora Tatiana Costa Pinto teve um papel de destaque ao compor a mesa principal, representando os fiscais ema e as mulheres do Sistema. Na ocasi\u00e3o, tamb\u00e9m foi ressaltado a distin\u00e7\u00e3o, em fun\u00e7\u00e3o dos seus 30 anos de atua\u00e7\u00e3o no Sistema CFA\/CRAs.<\/p>\n<p>Al\u00e9m disso, a coordenadora participou, junto com representantes de outros regionais, da apresenta\u00e7\u00e3o dos resultados referentes ao Plano Anual de Fiscaliza\u00e7\u00e3o 2024. Os debates abordaram temas de grande relev\u00e2ncia para o cen\u00e1rio atual, proporcionando reflex\u00f5es importantes para o aprimoramento das pr\u00e1ticas de fiscaliza\u00e7\u00e3o em todo o pa\u00eds.<\/p>\n<p>O fiscal F\u00e1bio Maia, por sua vez, aproveitou o evento para trocar experi\u00eancias com fiscais de outros regionais, aprofundando conhecimentos sobre as pr\u00e1ticas de fiscaliza\u00e7\u00e3o <em>in loco<\/em> adotadas em diferentes regi\u00f5es.<\/p>\n<p>A participa\u00e7\u00e3o no ENAF reafirma o compromisso do CRA-RN com a excel\u00eancia nas atividades de fiscaliza\u00e7\u00e3o e com a integra\u00e7\u00e3o das boas pr\u00e1ticas entre os regionais, contribuindo para o fortalecimento da profiss\u00e3o e a valoriza\u00e7\u00e3o dos administradores.<\/p>\n<button class=\"simplefavorite-button\" data-postid=\"67222\" data-siteid=\"1\" data-groupid=\"1\" data-favoritecount=\"0\" style=\"\">Favorite <i class=\"sf-icon-star-empty\"><\/i><\/button>","protected":false},"excerpt":{"rendered":"<p>A equipe de fiscaliza\u00e7\u00e3o do Conselho Regional de Administra\u00e7\u00e3o do Rio Grande do Norte (CRA-RN), formada pela coordenadora Adm. Tatiana Costa Pinto e pelo fiscal administrador Adm. F\u00e1bio Maia, participou da segunda di\u00e7\u00e3o do Encontro Nacional de Fiscais do Sistema CFA\/CRAs (ENAF) em 2024, realizado recentemente de 16 a 17\/12, em Bras\u00edlia. Durante o evento,<a class=\"read-more\" href=\"https:\/\/crarn.org.br\/?p=67222\"> [&hellip;]<\/a><\/p>\n","protected":false},"author":26,"featured_media":67223,"comment_status":"closed","ping_status":"open","sticky":false,"template":"","format":"standard","meta":{"_price":"","_stock":"","_tribe_ticket_header":"","_tribe_default_ticket_provider":"","_tribe_ticket_capacity":"0","_ticket_start_date":"","_ticket_end_date":"","_tribe_ticket_show_description":"","_tribe_ticket_show_not_going":false,"_tribe_ticket_use_global_stock":"","_tribe_ticket_global_stock_level":"","_global_stock_mode":"","_global_stock_cap":"","_tribe_rsvp_for_event":"","_tribe_ticket_going_count":"","_tribe_ticket_not_going_count":"","_tribe_tickets_list":"[]","_tribe_ticket_has_attendee_info_fields":false,"footnotes":"","_links_to":"","_links_to_target":""},"categories":[580,312,320,399,309],"tags":[],"class_list":["post-67222","post","type-post","status-publish","format-standard","has-post-thumbnail","hentry","category-ano-2024","category-destaque-pequeno-inferior","category-home","category-institucional","category-ultimas-noticias","entry","has-media"],"_links":{"self":[{"href":"https:\/\/crarn.org.br\/index.php?rest_route=\/wp\/v2\/posts\/67222","targetHints":{"allow":["GET"]}}],"collection":[{"href":"https:\/\/crarn.org.br\/index.php?rest_route=\/wp\/v2\/posts"}],"about":[{"href":"https:\/\/crarn.org.br\/index.php?rest_route=\/wp\/v2\/types\/post"}],"author":[{"embeddable":true,"href":"https:\/\/crarn.org.br\/index.php?rest_route=\/wp\/v2\/users\/26"}],"replies":[{"embeddable":true,"href":"https:\/\/crarn.org.br\/index.php?rest_route=%2Fwp%2Fv2%2Fcomments&post=67222"}],"version-history":[{"count":1,"href":"https:\/\/crarn.org.br\/index.php?rest_route=\/wp\/v2\/posts\/67222\/revisions"}],"predecessor-version":[{"id":67224,"href":"https:\/\/crarn.org.br\/index.php?rest_route=\/wp\/v2\/posts\/67222\/revisions\/67224"}],"wp:featuredmedia":[{"embeddable":true,"href":"https:\/\/crarn.org.br\/index.php?rest_route=\/wp\/v2\/media\/67223"}],"wp:attachment":[{"href":"https:\/\/crarn.org.br\/index.php?rest_route=%2Fwp%2Fv2%2Fmedia&parent=67222"}],"wp:term":[{"taxonomy":"category","embeddable":true,"href":"https:\/\/crarn.org.br\/index.php?rest_route=%2Fwp%2Fv2%2Fcategories&post=67222"},{"taxonomy":"post_tag","embeddable":true,"href":"https:\/\/crarn.org.br\/index.php?rest_route=%2Fwp%2Fv2%2Ftags&post=67222"}],"curies":[{"name":"wp","href":"https:\/\/api.w.org\/{rel}","templated":true}]}}