{"id":67218,"date":"2024-12-13T16:13:14","date_gmt":"2024-12-13T19:13:14","guid":{"rendered":"https:\/\/crarn.org.br\/?p=67218"},"modified":"2024-12-13T16:13:16","modified_gmt":"2024-12-13T19:13:16","slug":"cra-rn-marca-presenca-na-abertura-do-17o-congesp","status":"publish","type":"post","link":"https:\/\/crarn.org.br\/?p=67218","title":{"rendered":"CRA-RN marca presen\u00e7a na abertura do 17\u00ba CONGESP"},"content":{"rendered":"\n<p>O vice-presidente do CRA-RN, Adm. Cl\u00e1udio Henrique Bessa de Menezes, representou o Conselho Regional na abertura solene do 17\u00ba Congresso de Gest\u00e3o P\u00fablica do Rio Grande do Norte (CONGESP), realizada nesta quinta-feira.<\/p>\n<p>O evento, que acontece nos dias 12 e 13 de dezembro, aborda o tema \u201cGovernan\u00e7a P\u00fablica \u2013 Desafios e Perspectivas na Era da Intelig\u00eancia Artificial\u201d. A programa\u00e7\u00e3o re\u00fane profissionais e especialistas para debater os desafios e as oportunidades de inova\u00e7\u00e3o e moderniza\u00e7\u00e3o na administra\u00e7\u00e3o p\u00fablica.<\/p>\n<p>Promovido pelo Governo do Estado do RN, por meio da Escola de Governo Cardeal Dom Eug\u00eanio de Ara\u00fajo Sales, em parceria com o Conselho Nacional de Secret\u00e1rios de Estado da Administra\u00e7\u00e3o (CONSAD), o congresso chega \u00e0 sua 17\u00aa edi\u00e7\u00e3o, ocorrendo simultaneamente com o Consad Express.<\/p>\n<button class=\"simplefavorite-button\" data-postid=\"67218\" data-siteid=\"1\" data-groupid=\"1\" data-favoritecount=\"0\" style=\"\">Favorite <i class=\"sf-icon-star-empty\"><\/i><\/button>","protected":false},"excerpt":{"rendered":"<p>O vice-presidente do CRA-RN, Adm. Cl\u00e1udio Henrique Bessa de Menezes, representou o Conselho Regional na abertura solene do 17\u00ba Congresso de Gest\u00e3o P\u00fablica do Rio Grande do Norte (CONGESP), realizada nesta quinta-feira. O evento, que acontece nos dias 12 e 13 de dezembro, aborda o tema \u201cGovernan\u00e7a P\u00fablica \u2013 Desafios e Perspectivas na Era da<a class=\"read-more\" href=\"https:\/\/crarn.org.br\/?p=67218\"> [&hellip;]<\/a><\/p>\n","protected":false},"author":26,"featured_media":67219,"comment_status":"closed","ping_status":"open","sticky":false,"template":"","format":"standard","meta":{"_price":"","_stock":"","_tribe_ticket_header":"","_tribe_default_ticket_provider":"","_tribe_ticket_capacity":"0","_ticket_start_date":"","_ticket_end_date":"","_tribe_ticket_show_description":"","_tribe_ticket_show_not_going":false,"_tribe_ticket_use_global_stock":"","_tribe_ticket_global_stock_level":"","_global_stock_mode":"","_global_stock_cap":"","_tribe_rsvp_for_event":"","_tribe_ticket_going_count":"","_tribe_ticket_not_going_count":"","_tribe_tickets_list":"[]","_tribe_ticket_has_attendee_info_fields":false,"footnotes":"","_links_to":"","_links_to_target":""},"categories":[580,312,320,309],"tags":[],"class_list":["post-67218","post","type-post","status-publish","format-standard","has-post-thumbnail","hentry","category-ano-2024","category-destaque-pequeno-inferior","category-home","category-ultimas-noticias","entry","has-media"],"_links":{"self":[{"href":"https:\/\/crarn.org.br\/index.php?rest_route=\/wp\/v2\/posts\/67218","targetHints":{"allow":["GET"]}}],"collection":[{"href":"https:\/\/crarn.org.br\/index.php?rest_route=\/wp\/v2\/posts"}],"about":[{"href":"https:\/\/crarn.org.br\/index.php?rest_route=\/wp\/v2\/types\/post"}],"author":[{"embeddable":true,"href":"https:\/\/crarn.org.br\/index.php?rest_route=\/wp\/v2\/users\/26"}],"replies":[{"embeddable":true,"href":"https:\/\/crarn.org.br\/index.php?rest_route=%2Fwp%2Fv2%2Fcomments&post=67218"}],"version-history":[{"count":1,"href":"https:\/\/crarn.org.br\/index.php?rest_route=\/wp\/v2\/posts\/67218\/revisions"}],"predecessor-version":[{"id":67220,"href":"https:\/\/crarn.org.br\/index.php?rest_route=\/wp\/v2\/posts\/67218\/revisions\/67220"}],"wp:featuredmedia":[{"embeddable":true,"href":"https:\/\/crarn.org.br\/index.php?rest_route=\/wp\/v2\/media\/67219"}],"wp:attachment":[{"href":"https:\/\/crarn.org.br\/index.php?rest_route=%2Fwp%2Fv2%2Fmedia&parent=67218"}],"wp:term":[{"taxonomy":"category","embeddable":true,"href":"https:\/\/crarn.org.br\/index.php?rest_route=%2Fwp%2Fv2%2Fcategories&post=67218"},{"taxonomy":"post_tag","embeddable":true,"href":"https:\/\/crarn.org.br\/index.php?rest_route=%2Fwp%2Fv2%2Ftags&post=67218"}],"curies":[{"name":"wp","href":"https:\/\/api.w.org\/{rel}","templated":true}]}}