{"id":67214,"date":"2024-12-06T16:16:25","date_gmt":"2024-12-06T19:16:25","guid":{"rendered":"https:\/\/crarn.org.br\/?p=67214"},"modified":"2024-12-06T16:16:27","modified_gmt":"2024-12-06T19:16:27","slug":"forum-adm-mulher-2024-destaque-para-iniciativas-e-planejamento-no-fia","status":"publish","type":"post","link":"https:\/\/crarn.org.br\/?p=67214","title":{"rendered":"F\u00f3rum ADM Mulher 2024: Destaque para Iniciativas e Planejamento no FIA"},"content":{"rendered":"\n<p>Durante o FIA, o F\u00f3rum ADM Mulher 2024, promovido pela Comiss\u00e3o Especial ADM Mulher, reuniu cerca de 100 profissionais para discutir e planejar a\u00e7\u00f5es voltadas ao fortalecimento da participa\u00e7\u00e3o feminina na administra\u00e7\u00e3o.<\/p>\n<p>O Conselho Regional de Administra\u00e7\u00e3o do Rio Grande do Norte (CRA-RN) esteve representado pelas diretoras Adm. Kate Maciel (Fiscaliza\u00e7\u00e3o e Registro) e Adm. C\u00e9lia Ribeiro (Administrativa Financeira).<\/p>\n<p>A programa\u00e7\u00e3o incluiu a apresenta\u00e7\u00e3o de comiss\u00f5es estaduais, a presta\u00e7\u00e3o de contas da Comiss\u00e3o Federal referente a 2024, compartilhamento de cases de sucesso e planejamento das a\u00e7\u00f5es para o ano de 2025. Um dos principais debates girou em torno da amplia\u00e7\u00e3o da presen\u00e7a feminina na gest\u00e3o dos Regionais e do Conselho Federal de Administra\u00e7\u00e3o (CFA).<\/p>\n<p>A Comiss\u00e3o ADM Mulher do CRA-RN foi destaque em duas iniciativas inspiradoras. Uma delas foi a startup criada pela conselheira Adm. Alice Dantas, que oferece suporte profissional a mulheres diagnosticadas com c\u00e2ncer de mama. O segundo projeto ressaltado foi o programa de mentorias desenvolvido pela comiss\u00e3o, voltado para o fortalecimento das profissionais registradas no regional.<\/p>\n<p>O evento refor\u00e7ou o papel da Comiss\u00e3o ADM Mulher como agente de transforma\u00e7\u00e3o e apoio \u00e0s mulheres na administra\u00e7\u00e3o, destacando a\u00e7\u00f5es concretas e o comprometimento com o futuro da categoria.<\/p>\n<button class=\"simplefavorite-button\" data-postid=\"67214\" data-siteid=\"1\" data-groupid=\"1\" data-favoritecount=\"0\" style=\"\">Favorite <i class=\"sf-icon-star-empty\"><\/i><\/button>","protected":false},"excerpt":{"rendered":"<p>Durante o FIA, o F\u00f3rum ADM Mulher 2024, promovido pela Comiss\u00e3o Especial ADM Mulher, reuniu cerca de 100 profissionais para discutir e planejar a\u00e7\u00f5es voltadas ao fortalecimento da participa\u00e7\u00e3o feminina na administra\u00e7\u00e3o. O Conselho Regional de Administra\u00e7\u00e3o do Rio Grande do Norte (CRA-RN) esteve representado pelas diretoras Adm. Kate Maciel (Fiscaliza\u00e7\u00e3o e Registro) e Adm.<a class=\"read-more\" href=\"https:\/\/crarn.org.br\/?p=67214\"> [&hellip;]<\/a><\/p>\n","protected":false},"author":26,"featured_media":67215,"comment_status":"closed","ping_status":"open","sticky":false,"template":"","format":"standard","meta":{"_price":"","_stock":"","_tribe_ticket_header":"","_tribe_default_ticket_provider":"","_tribe_ticket_capacity":"0","_ticket_start_date":"","_ticket_end_date":"","_tribe_ticket_show_description":"","_tribe_ticket_show_not_going":false,"_tribe_ticket_use_global_stock":"","_tribe_ticket_global_stock_level":"","_global_stock_mode":"","_global_stock_cap":"","_tribe_rsvp_for_event":"","_tribe_ticket_going_count":"","_tribe_ticket_not_going_count":"","_tribe_tickets_list":"[]","_tribe_ticket_has_attendee_info_fields":false,"footnotes":"","_links_to":"","_links_to_target":""},"categories":[580,311,320,399,309],"tags":[],"class_list":["post-67214","post","type-post","status-publish","format-standard","has-post-thumbnail","hentry","category-ano-2024","category-destaque-pequeno-superior","category-home","category-institucional","category-ultimas-noticias","entry","has-media"],"_links":{"self":[{"href":"https:\/\/crarn.org.br\/index.php?rest_route=\/wp\/v2\/posts\/67214","targetHints":{"allow":["GET"]}}],"collection":[{"href":"https:\/\/crarn.org.br\/index.php?rest_route=\/wp\/v2\/posts"}],"about":[{"href":"https:\/\/crarn.org.br\/index.php?rest_route=\/wp\/v2\/types\/post"}],"author":[{"embeddable":true,"href":"https:\/\/crarn.org.br\/index.php?rest_route=\/wp\/v2\/users\/26"}],"replies":[{"embeddable":true,"href":"https:\/\/crarn.org.br\/index.php?rest_route=%2Fwp%2Fv2%2Fcomments&post=67214"}],"version-history":[{"count":1,"href":"https:\/\/crarn.org.br\/index.php?rest_route=\/wp\/v2\/posts\/67214\/revisions"}],"predecessor-version":[{"id":67216,"href":"https:\/\/crarn.org.br\/index.php?rest_route=\/wp\/v2\/posts\/67214\/revisions\/67216"}],"wp:featuredmedia":[{"embeddable":true,"href":"https:\/\/crarn.org.br\/index.php?rest_route=\/wp\/v2\/media\/67215"}],"wp:attachment":[{"href":"https:\/\/crarn.org.br\/index.php?rest_route=%2Fwp%2Fv2%2Fmedia&parent=67214"}],"wp:term":[{"taxonomy":"category","embeddable":true,"href":"https:\/\/crarn.org.br\/index.php?rest_route=%2Fwp%2Fv2%2Fcategories&post=67214"},{"taxonomy":"post_tag","embeddable":true,"href":"https:\/\/crarn.org.br\/index.php?rest_route=%2Fwp%2Fv2%2Ftags&post=67214"}],"curies":[{"name":"wp","href":"https:\/\/api.w.org\/{rel}","templated":true}]}}