{"id":67210,"date":"2024-12-06T14:18:23","date_gmt":"2024-12-06T17:18:23","guid":{"rendered":"https:\/\/crarn.org.br\/?p=67210"},"modified":"2024-12-06T14:18:24","modified_gmt":"2024-12-06T17:18:24","slug":"reuniao-de-diretores-de-fiscalizacao-e-registro-marca-o-forum-internacional-de-administracao-em-gramado","status":"publish","type":"post","link":"https:\/\/crarn.org.br\/?p=67210","title":{"rendered":"Reuni\u00e3o de Diretores de Fiscaliza\u00e7\u00e3o e Registro marca o F\u00f3rum Internacional de Administra\u00e7\u00e3o em Gramado"},"content":{"rendered":"\n<p>Nesta sexta-feira, durante o F\u00f3rum Internacional de Administra\u00e7\u00e3o (FIA), ocorreu uma reuni\u00e3o entre os diretores de Fiscaliza\u00e7\u00e3o e Registro de v\u00e1rios regionais. O encontro contou com a presen\u00e7a especial da diretora do Conselho Regional de Administra\u00e7\u00e3o do Rio Grande do Norte (CRA-RN), Adm. Kate Maciel, e contou com participa\u00e7\u00e3o do Diretor da C\u00e2mara de Fiscaliza\u00e7\u00e3o e Registro do CFA, Adm. S\u00e9rgio Jos\u00e9 Rauber.<\/p>\n<p>O objetivo principal da reuni\u00e3o foi promover a apresenta\u00e7\u00e3o e a integra\u00e7\u00e3o dos diversos diretores, buscando fortalecer o relacionamento entre os representantes do setor e ampliar o conhecimento m\u00fatuo sobre as pr\u00e1ticas de cada regional. Al\u00e9m disso, foi definido o agendamento de uma reuni\u00e3o geral entre as diretorias para mar\u00e7o de 2025, demonstrando o compromisso com o planejamento estrat\u00e9gico e a troca de experi\u00eancias no \u00e2mbito da administra\u00e7\u00e3o p\u00fablica e privada.<\/p>\n<p>O encontro reflete a import\u00e2ncia de uma gest\u00e3o colaborativa e alinhada entre os regionais, refor\u00e7ando o papel do F\u00f3rum como um espa\u00e7o para o debate e desenvolvimento de a\u00e7\u00f5es integradas no campo da administra\u00e7\u00e3o.<\/p>\n<button class=\"simplefavorite-button\" data-postid=\"67210\" data-siteid=\"1\" data-groupid=\"1\" data-favoritecount=\"0\" style=\"\">Favorite <i class=\"sf-icon-star-empty\"><\/i><\/button>","protected":false},"excerpt":{"rendered":"<p>Nesta sexta-feira, durante o F\u00f3rum Internacional de Administra\u00e7\u00e3o (FIA), ocorreu uma reuni\u00e3o entre os diretores de Fiscaliza\u00e7\u00e3o e Registro de v\u00e1rios regionais. O encontro contou com a presen\u00e7a especial da diretora do Conselho Regional de Administra\u00e7\u00e3o do Rio Grande do Norte (CRA-RN), Adm. Kate Maciel, e contou com participa\u00e7\u00e3o do Diretor da C\u00e2mara de Fiscaliza\u00e7\u00e3o<a class=\"read-more\" href=\"https:\/\/crarn.org.br\/?p=67210\"> [&hellip;]<\/a><\/p>\n","protected":false},"author":26,"featured_media":67211,"comment_status":"closed","ping_status":"open","sticky":false,"template":"","format":"standard","meta":{"_price":"","_stock":"","_tribe_ticket_header":"","_tribe_default_ticket_provider":"","_tribe_ticket_capacity":"0","_ticket_start_date":"","_ticket_end_date":"","_tribe_ticket_show_description":"","_tribe_ticket_show_not_going":false,"_tribe_ticket_use_global_stock":"","_tribe_ticket_global_stock_level":"","_global_stock_mode":"","_global_stock_cap":"","_tribe_rsvp_for_event":"","_tribe_ticket_going_count":"","_tribe_ticket_not_going_count":"","_tribe_tickets_list":"[]","_tribe_ticket_has_attendee_info_fields":false,"footnotes":"","_links_to":"","_links_to_target":""},"categories":[580,310,320,309],"tags":[],"class_list":["post-67210","post","type-post","status-publish","format-standard","has-post-thumbnail","hentry","category-ano-2024","category-destaque-grande","category-home","category-ultimas-noticias","entry","has-media"],"_links":{"self":[{"href":"https:\/\/crarn.org.br\/index.php?rest_route=\/wp\/v2\/posts\/67210","targetHints":{"allow":["GET"]}}],"collection":[{"href":"https:\/\/crarn.org.br\/index.php?rest_route=\/wp\/v2\/posts"}],"about":[{"href":"https:\/\/crarn.org.br\/index.php?rest_route=\/wp\/v2\/types\/post"}],"author":[{"embeddable":true,"href":"https:\/\/crarn.org.br\/index.php?rest_route=\/wp\/v2\/users\/26"}],"replies":[{"embeddable":true,"href":"https:\/\/crarn.org.br\/index.php?rest_route=%2Fwp%2Fv2%2Fcomments&post=67210"}],"version-history":[{"count":1,"href":"https:\/\/crarn.org.br\/index.php?rest_route=\/wp\/v2\/posts\/67210\/revisions"}],"predecessor-version":[{"id":67212,"href":"https:\/\/crarn.org.br\/index.php?rest_route=\/wp\/v2\/posts\/67210\/revisions\/67212"}],"wp:featuredmedia":[{"embeddable":true,"href":"https:\/\/crarn.org.br\/index.php?rest_route=\/wp\/v2\/media\/67211"}],"wp:attachment":[{"href":"https:\/\/crarn.org.br\/index.php?rest_route=%2Fwp%2Fv2%2Fmedia&parent=67210"}],"wp:term":[{"taxonomy":"category","embeddable":true,"href":"https:\/\/crarn.org.br\/index.php?rest_route=%2Fwp%2Fv2%2Fcategories&post=67210"},{"taxonomy":"post_tag","embeddable":true,"href":"https:\/\/crarn.org.br\/index.php?rest_route=%2Fwp%2Fv2%2Ftags&post=67210"}],"curies":[{"name":"wp","href":"https:\/\/api.w.org\/{rel}","templated":true}]}}