{"id":67204,"date":"2024-12-06T12:41:06","date_gmt":"2024-12-06T15:41:06","guid":{"rendered":"https:\/\/crarn.org.br\/?p=67204"},"modified":"2024-12-06T12:41:08","modified_gmt":"2024-12-06T15:41:08","slug":"cra-rn-participa-de-eventos-do-sistema-cfa-cras-em-gramado","status":"publish","type":"post","link":"https:\/\/crarn.org.br\/?p=67204","title":{"rendered":"CRA-RN participa de eventos do Sistema CFA\/CRAs em Gramado"},"content":{"rendered":"\n<p>O CRA-RN marcou presen\u00e7a em uma s\u00e9rie de eventos do Sistema CFA\/CRAs realizados nesta semana em Gramado, Rio Grande do Sul.<\/p>\n<p>Na ter\u00e7a-feira, 3 de dezembro, ocorreu a 11\u00aa Sess\u00e3o Plen\u00e1ria do Conselho Federal de Administra\u00e7\u00e3o (CFA), com a participa\u00e7\u00e3o do conselheiro federal pelo RN, Adm. J\u00falio Rezende. J\u00e1 na quarta-feira, foi realizada a \u00faltima edi\u00e7\u00e3o de 2024 do F\u00f3rum de Presidentes do Sistema CFA\/CRAs, que contou com a representa\u00e7\u00e3o do CRA-RN pelo vice-presidente, Adm. Cl\u00e1udio Henrique Bessa de Menezes.<\/p>\n<p>Entre os dias 4 e 6 de dezembro, acontece o XVIII F\u00f3rum Internacional de Administra\u00e7\u00e3o (FIA), um dos maiores eventos da \u00e1rea em n\u00edvel global. O CRA-RN participa com uma comitiva composta por importantes representantes da entidade. Al\u00e9m do conselheiro federal e o vice-presidente, est\u00e3o presentes a diretora Administrativa-Financeira, Adm. C\u00e9lia Ribeiro; a diretora de Fiscaliza\u00e7\u00e3o e Registro, Adm. Kate Maciel; a gerente executiva, Adm. Silvana Avelar; e a administradora Lidiane Pessoa.<\/p>\n<p>O evento \u00e9 uma oportunidade \u00edmpar para troca de experi\u00eancias, debate sobre os desafios da profiss\u00e3o e fortalecimento da atua\u00e7\u00e3o dos profissionais de Administra\u00e7\u00e3o no Brasil e no mundo.<\/p>\n<button class=\"simplefavorite-button\" data-postid=\"67204\" data-siteid=\"1\" data-groupid=\"1\" data-favoritecount=\"0\" style=\"\">Favorite <i class=\"sf-icon-star-empty\"><\/i><\/button>","protected":false},"excerpt":{"rendered":"<p>O CRA-RN marcou presen\u00e7a em uma s\u00e9rie de eventos do Sistema CFA\/CRAs realizados nesta semana em Gramado, Rio Grande do Sul. Na ter\u00e7a-feira, 3 de dezembro, ocorreu a 11\u00aa Sess\u00e3o Plen\u00e1ria do Conselho Federal de Administra\u00e7\u00e3o (CFA), com a participa\u00e7\u00e3o do conselheiro federal pelo RN, Adm. J\u00falio Rezende. J\u00e1 na quarta-feira, foi realizada a \u00faltima<a class=\"read-more\" href=\"https:\/\/crarn.org.br\/?p=67204\"> [&hellip;]<\/a><\/p>\n","protected":false},"author":26,"featured_media":67205,"comment_status":"closed","ping_status":"open","sticky":false,"template":"","format":"standard","meta":{"_price":"","_stock":"","_tribe_ticket_header":"","_tribe_default_ticket_provider":"","_tribe_ticket_capacity":"0","_ticket_start_date":"","_ticket_end_date":"","_tribe_ticket_show_description":"","_tribe_ticket_show_not_going":false,"_tribe_ticket_use_global_stock":"","_tribe_ticket_global_stock_level":"","_global_stock_mode":"","_global_stock_cap":"","_tribe_rsvp_for_event":"","_tribe_ticket_going_count":"","_tribe_ticket_not_going_count":"","_tribe_tickets_list":"[]","_tribe_ticket_has_attendee_info_fields":false,"footnotes":"","_links_to":"","_links_to_target":""},"categories":[580,310,399,309],"tags":[],"class_list":["post-67204","post","type-post","status-publish","format-standard","has-post-thumbnail","hentry","category-ano-2024","category-destaque-grande","category-institucional","category-ultimas-noticias","entry","has-media"],"_links":{"self":[{"href":"https:\/\/crarn.org.br\/index.php?rest_route=\/wp\/v2\/posts\/67204","targetHints":{"allow":["GET"]}}],"collection":[{"href":"https:\/\/crarn.org.br\/index.php?rest_route=\/wp\/v2\/posts"}],"about":[{"href":"https:\/\/crarn.org.br\/index.php?rest_route=\/wp\/v2\/types\/post"}],"author":[{"embeddable":true,"href":"https:\/\/crarn.org.br\/index.php?rest_route=\/wp\/v2\/users\/26"}],"replies":[{"embeddable":true,"href":"https:\/\/crarn.org.br\/index.php?rest_route=%2Fwp%2Fv2%2Fcomments&post=67204"}],"version-history":[{"count":2,"href":"https:\/\/crarn.org.br\/index.php?rest_route=\/wp\/v2\/posts\/67204\/revisions"}],"predecessor-version":[{"id":67207,"href":"https:\/\/crarn.org.br\/index.php?rest_route=\/wp\/v2\/posts\/67204\/revisions\/67207"}],"wp:featuredmedia":[{"embeddable":true,"href":"https:\/\/crarn.org.br\/index.php?rest_route=\/wp\/v2\/media\/67205"}],"wp:attachment":[{"href":"https:\/\/crarn.org.br\/index.php?rest_route=%2Fwp%2Fv2%2Fmedia&parent=67204"}],"wp:term":[{"taxonomy":"category","embeddable":true,"href":"https:\/\/crarn.org.br\/index.php?rest_route=%2Fwp%2Fv2%2Fcategories&post=67204"},{"taxonomy":"post_tag","embeddable":true,"href":"https:\/\/crarn.org.br\/index.php?rest_route=%2Fwp%2Fv2%2Ftags&post=67204"}],"curies":[{"name":"wp","href":"https:\/\/api.w.org\/{rel}","templated":true}]}}