{"id":67199,"date":"2024-11-29T17:03:27","date_gmt":"2024-11-29T20:03:27","guid":{"rendered":"https:\/\/crarn.org.br\/?p=67199"},"modified":"2024-11-29T17:03:29","modified_gmt":"2024-11-29T20:03:29","slug":"nota-de-esclarecimento","status":"publish","type":"post","link":"https:\/\/crarn.org.br\/?p=67199","title":{"rendered":"NOTA DE ESCLARECIMENTO"},"content":{"rendered":"\n<p>O Conselho Regional de Administra\u00e7\u00e3o do Rio Grande do Norte (CRA-RN) vem a p\u00fablico esclarecer os fundamentos da <strong>Resolu\u00e7\u00e3o Normativa CFA n\u00ba 654<\/strong>, publicada em 18 de novembro de 2024, que estabelece a obrigatoriedade de registro profissional nos Conselhos Regionais de Administra\u00e7\u00e3o (CRAs) para <strong>s\u00edndicos profissionais<\/strong> e <strong>empresas de gest\u00e3o condominial<\/strong>.<\/p>\n<p>A referida norma alinha-se ao entendimento consolidado pelo <strong>Superior Tribunal de Justi\u00e7a (STJ)<\/strong>, que determina que a obrigatoriedade de registro em Conselhos Profissionais \u00e9 definida pela <strong>atividade b\u00e1sica da empresa ou pela natureza dos servi\u00e7os prestados<\/strong> (RESP 200800726124). Nesse sentido, atividades ligadas \u00e0 <strong>gest\u00e3o condominial<\/strong> est\u00e3o claramente inseridas no campo privativo da Administra\u00e7\u00e3o, sendo sujeitas \u00e0 fiscaliza\u00e7\u00e3o e controle pelos CRAs.<\/p>\n<p>A gest\u00e3o condominial envolve compet\u00eancias t\u00e9cnicas e conhecimentos especializados, como:<\/p>\n<ul>\n<li><strong>Gest\u00e3o de recursos humanos<\/strong>, como administra\u00e7\u00e3o de equipes e colaboradores;<\/li>\n<li><strong>Gest\u00e3o financeira<\/strong>, com controle or\u00e7ament\u00e1rio, planejamento e presta\u00e7\u00e3o de contas;<\/li>\n<li><strong>Planejamento estrat\u00e9gico e operacional<\/strong>, visando a efici\u00eancia na administra\u00e7\u00e3o dos recursos e a satisfa\u00e7\u00e3o dos cond\u00f4minos.<\/li>\n<\/ul>\n<p>Portanto, ao exigir o registro profissional, o CRA garante que as atividades privativas da Administra\u00e7\u00e3o sejam desempenhadas por profissionais devidamente capacitados e regulamentados, promovendo a valoriza\u00e7\u00e3o da profiss\u00e3o e a prote\u00e7\u00e3o dos interesses da sociedade.<\/p>\n<p>Adicionalmente, o STJ j\u00e1 consolidou jurisprud\u00eancia no sentido de que <strong>empresas administradoras de condom\u00ednios s\u00e3o fiscalizadas pelos Conselhos Regionais de Administra\u00e7\u00e3o<\/strong>, refor\u00e7ando a legitimidade do CRA em zelar pelo cumprimento das normas que regulamentam a profiss\u00e3o.<\/p>\n<p>O CRA-RN reafirma seu compromisso em orientar os profissionais e empresas na adequa\u00e7\u00e3o \u00e0s novas diretrizes e refor\u00e7a que nossos canais de atendimento est\u00e3o \u00e0 disposi\u00e7\u00e3o para esclarecimentos e orienta\u00e7\u00f5es.<\/p>\n<p>\u00a0<\/p>\n<p><strong>Conselho Regional de Administra\u00e7\u00e3o do Rio Grande do Norte (CRA-RN)<\/strong><\/p>\n<button class=\"simplefavorite-button\" data-postid=\"67199\" data-siteid=\"1\" data-groupid=\"1\" data-favoritecount=\"0\" style=\"\">Favorite <i class=\"sf-icon-star-empty\"><\/i><\/button>","protected":false},"excerpt":{"rendered":"<p>O Conselho Regional de Administra\u00e7\u00e3o do Rio Grande do Norte (CRA-RN) vem a p\u00fablico esclarecer os fundamentos da Resolu\u00e7\u00e3o Normativa CFA n\u00ba 654, publicada em 18 de novembro de 2024, que estabelece a obrigatoriedade de registro profissional nos Conselhos Regionais de Administra\u00e7\u00e3o (CRAs) para s\u00edndicos profissionais e empresas de gest\u00e3o condominial. A referida norma alinha-se<a class=\"read-more\" href=\"https:\/\/crarn.org.br\/?p=67199\"> [&hellip;]<\/a><\/p>\n","protected":false},"author":26,"featured_media":67200,"comment_status":"closed","ping_status":"open","sticky":false,"template":"","format":"standard","meta":{"_price":"","_stock":"","_tribe_ticket_header":"","_tribe_default_ticket_provider":"","_tribe_ticket_capacity":"0","_ticket_start_date":"","_ticket_end_date":"","_tribe_ticket_show_description":"","_tribe_ticket_show_not_going":false,"_tribe_ticket_use_global_stock":"","_tribe_ticket_global_stock_level":"","_global_stock_mode":"","_global_stock_cap":"","_tribe_rsvp_for_event":"","_tribe_ticket_going_count":"","_tribe_ticket_not_going_count":"","_tribe_tickets_list":"[]","_tribe_ticket_has_attendee_info_fields":false,"footnotes":"","_links_to":"","_links_to_target":""},"categories":[580,310,320,399,309],"tags":[],"class_list":["post-67199","post","type-post","status-publish","format-standard","has-post-thumbnail","hentry","category-ano-2024","category-destaque-grande","category-home","category-institucional","category-ultimas-noticias","entry","has-media"],"_links":{"self":[{"href":"https:\/\/crarn.org.br\/index.php?rest_route=\/wp\/v2\/posts\/67199","targetHints":{"allow":["GET"]}}],"collection":[{"href":"https:\/\/crarn.org.br\/index.php?rest_route=\/wp\/v2\/posts"}],"about":[{"href":"https:\/\/crarn.org.br\/index.php?rest_route=\/wp\/v2\/types\/post"}],"author":[{"embeddable":true,"href":"https:\/\/crarn.org.br\/index.php?rest_route=\/wp\/v2\/users\/26"}],"replies":[{"embeddable":true,"href":"https:\/\/crarn.org.br\/index.php?rest_route=%2Fwp%2Fv2%2Fcomments&post=67199"}],"version-history":[{"count":2,"href":"https:\/\/crarn.org.br\/index.php?rest_route=\/wp\/v2\/posts\/67199\/revisions"}],"predecessor-version":[{"id":67202,"href":"https:\/\/crarn.org.br\/index.php?rest_route=\/wp\/v2\/posts\/67199\/revisions\/67202"}],"wp:featuredmedia":[{"embeddable":true,"href":"https:\/\/crarn.org.br\/index.php?rest_route=\/wp\/v2\/media\/67200"}],"wp:attachment":[{"href":"https:\/\/crarn.org.br\/index.php?rest_route=%2Fwp%2Fv2%2Fmedia&parent=67199"}],"wp:term":[{"taxonomy":"category","embeddable":true,"href":"https:\/\/crarn.org.br\/index.php?rest_route=%2Fwp%2Fv2%2Fcategories&post=67199"},{"taxonomy":"post_tag","embeddable":true,"href":"https:\/\/crarn.org.br\/index.php?rest_route=%2Fwp%2Fv2%2Ftags&post=67199"}],"curies":[{"name":"wp","href":"https:\/\/api.w.org\/{rel}","templated":true}]}}