{"id":67196,"date":"2024-11-29T15:30:33","date_gmt":"2024-11-29T18:30:33","guid":{"rendered":"https:\/\/crarn.org.br\/?p=67196"},"modified":"2024-11-29T15:30:34","modified_gmt":"2024-11-29T18:30:34","slug":"cra-rn-marca-presenca-no-viii-fogesp-em-joao-pessoa","status":"publish","type":"post","link":"https:\/\/crarn.org.br\/?p=67196","title":{"rendered":"CRA-RN marca presen\u00e7a no VIII Fogesp, em Jo\u00e3o Pessoa"},"content":{"rendered":"\n<p>O presidente do CRA-RN, Adm. Fl\u00e1vio Em\u00edlio Cavalcanti, participou da VIII edi\u00e7\u00e3o do FOGESP &#8211; F\u00f3rum de Gest\u00e3o P\u00fablica da PB, promovido pelo CRA- PB e CFA, nesta quinta-feira (28\/11).<\/p>\n<p>O evento, que teve como tema \u201cGovernan\u00e7a Digital na Gest\u00e3o P\u00fablica\u201d, reuniu especialistas e autoridades para debater os avan\u00e7os e desafios da transforma\u00e7\u00e3o digital no setor p\u00fablico.<\/p>\n<p>A programa\u00e7\u00e3o incluiu palestras que abordaram a quest\u00e3o da contribui\u00e7\u00e3o da digitaliza\u00e7\u00e3o para uma gest\u00e3o p\u00fablica mais eficiente, acess\u00edvel e transparente e, foi marcado pela entrega do \u201cPr\u00eamio de Excel\u00eancia em Governan\u00e7a Municipal\u201d, que reconhece as melhores gest\u00f5es municipais da Para\u00edba com base no \u00cdndice de Governan\u00e7a Municipal (IGM\/CFA), desenvolvido pelo Conselho Federal de Administra\u00e7\u00e3o.<\/p>\n<p>Os munic\u00edpios premiados s\u00e3o divididos em sete grupos, considerando n\u00famero de habitantes e PIB per capita. Os vencedores deste ano s\u00e3o: Bel\u00e9m, Santa Luzia, S\u00e3o Bento, Conde, Sap\u00e9, Guarabira e Campina Grande.<\/p>\n<p>O Fogesp \u00e9 considerado o maior evento de gest\u00e3o p\u00fablica da Para\u00edba, destacando-se como um espa\u00e7o essencial para o fortalecimento das administra\u00e7\u00f5es municipais por meio do compartilhamento de experi\u00eancias e inova\u00e7\u00f5es.<\/p>\n<p>\u00a0<\/p>\n<p>*Com informa\u00e7\u00f5es do www.crapb.org.br<\/p>\n<p>\u00a0<\/p>\n<p>\u00a0<\/p>\n<button class=\"simplefavorite-button\" data-postid=\"67196\" data-siteid=\"1\" data-groupid=\"1\" data-favoritecount=\"0\" style=\"\">Favorite <i class=\"sf-icon-star-empty\"><\/i><\/button>","protected":false},"excerpt":{"rendered":"<p>O presidente do CRA-RN, Adm. Fl\u00e1vio Em\u00edlio Cavalcanti, participou da VIII edi\u00e7\u00e3o do FOGESP &#8211; F\u00f3rum de Gest\u00e3o P\u00fablica da PB, promovido pelo CRA- PB e CFA, nesta quinta-feira (28\/11). O evento, que teve como tema \u201cGovernan\u00e7a Digital na Gest\u00e3o P\u00fablica\u201d, reuniu especialistas e autoridades para debater os avan\u00e7os e desafios da transforma\u00e7\u00e3o digital no<a class=\"read-more\" href=\"https:\/\/crarn.org.br\/?p=67196\"> [&hellip;]<\/a><\/p>\n","protected":false},"author":26,"featured_media":67197,"comment_status":"closed","ping_status":"open","sticky":false,"template":"","format":"standard","meta":{"_price":"","_stock":"","_tribe_ticket_header":"","_tribe_default_ticket_provider":"","_tribe_ticket_capacity":"0","_ticket_start_date":"","_ticket_end_date":"","_tribe_ticket_show_description":"","_tribe_ticket_show_not_going":false,"_tribe_ticket_use_global_stock":"","_tribe_ticket_global_stock_level":"","_global_stock_mode":"","_global_stock_cap":"","_tribe_rsvp_for_event":"","_tribe_ticket_going_count":"","_tribe_ticket_not_going_count":"","_tribe_tickets_list":"[]","_tribe_ticket_has_attendee_info_fields":false,"footnotes":"","_links_to":"","_links_to_target":""},"categories":[580,310,320,399,309],"tags":[],"class_list":["post-67196","post","type-post","status-publish","format-standard","has-post-thumbnail","hentry","category-ano-2024","category-destaque-grande","category-home","category-institucional","category-ultimas-noticias","entry","has-media"],"_links":{"self":[{"href":"https:\/\/crarn.org.br\/index.php?rest_route=\/wp\/v2\/posts\/67196","targetHints":{"allow":["GET"]}}],"collection":[{"href":"https:\/\/crarn.org.br\/index.php?rest_route=\/wp\/v2\/posts"}],"about":[{"href":"https:\/\/crarn.org.br\/index.php?rest_route=\/wp\/v2\/types\/post"}],"author":[{"embeddable":true,"href":"https:\/\/crarn.org.br\/index.php?rest_route=\/wp\/v2\/users\/26"}],"replies":[{"embeddable":true,"href":"https:\/\/crarn.org.br\/index.php?rest_route=%2Fwp%2Fv2%2Fcomments&post=67196"}],"version-history":[{"count":1,"href":"https:\/\/crarn.org.br\/index.php?rest_route=\/wp\/v2\/posts\/67196\/revisions"}],"predecessor-version":[{"id":67198,"href":"https:\/\/crarn.org.br\/index.php?rest_route=\/wp\/v2\/posts\/67196\/revisions\/67198"}],"wp:featuredmedia":[{"embeddable":true,"href":"https:\/\/crarn.org.br\/index.php?rest_route=\/wp\/v2\/media\/67197"}],"wp:attachment":[{"href":"https:\/\/crarn.org.br\/index.php?rest_route=%2Fwp%2Fv2%2Fmedia&parent=67196"}],"wp:term":[{"taxonomy":"category","embeddable":true,"href":"https:\/\/crarn.org.br\/index.php?rest_route=%2Fwp%2Fv2%2Fcategories&post=67196"},{"taxonomy":"post_tag","embeddable":true,"href":"https:\/\/crarn.org.br\/index.php?rest_route=%2Fwp%2Fv2%2Ftags&post=67196"}],"curies":[{"name":"wp","href":"https:\/\/api.w.org\/{rel}","templated":true}]}}