{"id":67190,"date":"2024-11-27T16:14:50","date_gmt":"2024-11-27T19:14:50","guid":{"rendered":"https:\/\/crarn.org.br\/?p=67190"},"modified":"2024-11-27T16:14:52","modified_gmt":"2024-11-27T19:14:52","slug":"cra-rn-recebe-visita-de-alunos-concluintes-de-tecnico-em-administracao","status":"publish","type":"post","link":"https:\/\/crarn.org.br\/?p=67190","title":{"rendered":"CRA-RN recebe visita de alunos concluintes de T\u00e9cnico em Administra\u00e7\u00e3o"},"content":{"rendered":"\n<p>Na manh\u00e3 desta quarta-feira, o Conselho Regional de Administra\u00e7\u00e3o do Rio Grande do Norte (CRA-RN) recebeu a visita da turma concluinte do curso T\u00e9cnico em Administra\u00e7\u00e3o do Grau T\u00e9cnico \u2013 unidade Alecrim.<\/p>\n<p>O encontro teve como objetivo aproximar os alunos da profiss\u00e3o e do papel desempenhado pelo CRA-RN, apresentando-lhes a import\u00e2ncia do registro profissional, os benef\u00edcios oferecidos pela autarquia para o desenvolvimento de carreira e o programa CRA Jovem.<\/p>\n<p>A recep\u00e7\u00e3o foi conduzida pela coordenadora de Fiscaliza\u00e7\u00e3o, Adm. Tatiana Costa Pinto, que tamb\u00e9m ministrou uma palestra abrangente. Entre os temas abordados estavam o cen\u00e1rio e as tend\u00eancias de mercado para os profissionais de Administra\u00e7\u00e3o, desenvolvimento de carreira, compet\u00eancias e qualifica\u00e7\u00e3o, \u00e1reas de atua\u00e7\u00e3o e a fiscaliza\u00e7\u00e3o contra o exerc\u00edcio ilegal da profiss\u00e3o.<\/p>\n<p>Os alunos estavam acompanhados pelo professor e administrador Douglas Ferreira, refor\u00e7ando a import\u00e2ncia da conex\u00e3o entre academia e os conselhos de classe para a forma\u00e7\u00e3o de futuros profissionais qualificados.<\/p>\n<p>O professor Douglas afirma que, com esta experi\u00eancia, os alunos conheceram as atribui\u00e7\u00f5es do administrador, as exig\u00eancias do mercado e, acima de tudo, se aproximaram do Conselho, para que ele seja visto como um parceiro do profissional. \u201cQue, hoje, o aluno possa se reconhecer como um profissional e atuar com dignidade, profissionalismo e comprometimento no mercado, fazendo valer todo o conhecimento adquirido e as experi\u00eancias vivenciadas\u201d, destacou.<\/p>\n<p>A iniciativa reflete o compromisso do CRA-RN em educar e preparar novos talentos, al\u00e9m de fortalecer o v\u00ednculo entre os estudantes e a profiss\u00e3o de Administra\u00e7\u00e3o.<\/p>\n<button class=\"simplefavorite-button\" data-postid=\"67190\" data-siteid=\"1\" data-groupid=\"1\" data-favoritecount=\"0\" style=\"\">Favorite <i class=\"sf-icon-star-empty\"><\/i><\/button>","protected":false},"excerpt":{"rendered":"<p>Na manh\u00e3 desta quarta-feira, o Conselho Regional de Administra\u00e7\u00e3o do Rio Grande do Norte (CRA-RN) recebeu a visita da turma concluinte do curso T\u00e9cnico em Administra\u00e7\u00e3o do Grau T\u00e9cnico \u2013 unidade Alecrim. O encontro teve como objetivo aproximar os alunos da profiss\u00e3o e do papel desempenhado pelo CRA-RN, apresentando-lhes a import\u00e2ncia do registro profissional, os<a class=\"read-more\" href=\"https:\/\/crarn.org.br\/?p=67190\"> [&hellip;]<\/a><\/p>\n","protected":false},"author":26,"featured_media":67195,"comment_status":"closed","ping_status":"open","sticky":false,"template":"","format":"standard","meta":{"_price":"","_stock":"","_tribe_ticket_header":"","_tribe_default_ticket_provider":"","_tribe_ticket_capacity":"0","_ticket_start_date":"","_ticket_end_date":"","_tribe_ticket_show_description":"","_tribe_ticket_show_not_going":false,"_tribe_ticket_use_global_stock":"","_tribe_ticket_global_stock_level":"","_global_stock_mode":"","_global_stock_cap":"","_tribe_rsvp_for_event":"","_tribe_ticket_going_count":"","_tribe_ticket_not_going_count":"","_tribe_tickets_list":"[]","_tribe_ticket_has_attendee_info_fields":false,"footnotes":"","_links_to":"","_links_to_target":""},"categories":[580,311,320,309],"tags":[],"class_list":["post-67190","post","type-post","status-publish","format-standard","has-post-thumbnail","hentry","category-ano-2024","category-destaque-pequeno-superior","category-home","category-ultimas-noticias","entry","has-media"],"_links":{"self":[{"href":"https:\/\/crarn.org.br\/index.php?rest_route=\/wp\/v2\/posts\/67190","targetHints":{"allow":["GET"]}}],"collection":[{"href":"https:\/\/crarn.org.br\/index.php?rest_route=\/wp\/v2\/posts"}],"about":[{"href":"https:\/\/crarn.org.br\/index.php?rest_route=\/wp\/v2\/types\/post"}],"author":[{"embeddable":true,"href":"https:\/\/crarn.org.br\/index.php?rest_route=\/wp\/v2\/users\/26"}],"replies":[{"embeddable":true,"href":"https:\/\/crarn.org.br\/index.php?rest_route=%2Fwp%2Fv2%2Fcomments&post=67190"}],"version-history":[{"count":2,"href":"https:\/\/crarn.org.br\/index.php?rest_route=\/wp\/v2\/posts\/67190\/revisions"}],"predecessor-version":[{"id":67193,"href":"https:\/\/crarn.org.br\/index.php?rest_route=\/wp\/v2\/posts\/67190\/revisions\/67193"}],"wp:featuredmedia":[{"embeddable":true,"href":"https:\/\/crarn.org.br\/index.php?rest_route=\/wp\/v2\/media\/67195"}],"wp:attachment":[{"href":"https:\/\/crarn.org.br\/index.php?rest_route=%2Fwp%2Fv2%2Fmedia&parent=67190"}],"wp:term":[{"taxonomy":"category","embeddable":true,"href":"https:\/\/crarn.org.br\/index.php?rest_route=%2Fwp%2Fv2%2Fcategories&post=67190"},{"taxonomy":"post_tag","embeddable":true,"href":"https:\/\/crarn.org.br\/index.php?rest_route=%2Fwp%2Fv2%2Ftags&post=67190"}],"curies":[{"name":"wp","href":"https:\/\/api.w.org\/{rel}","templated":true}]}}