{"id":67169,"date":"2024-11-11T13:00:05","date_gmt":"2024-11-11T16:00:05","guid":{"rendered":"https:\/\/crarn.org.br\/?p=67169"},"modified":"2024-11-11T13:00:07","modified_gmt":"2024-11-11T16:00:07","slug":"brasil-elege-quase-25-mil-administradores-para-os-cargos-de-prefeitos-e-vereadores","status":"publish","type":"post","link":"https:\/\/crarn.org.br\/?p=67169","title":{"rendered":"Brasil elege quase 2,5 mil administradores para os cargos de prefeitos e vereadores"},"content":{"rendered":"\n<p>Com a conclus\u00e3o das elei\u00e7\u00f5es municipais, o Brasil revelou uma tend\u00eancia da popula\u00e7\u00e3o: eleger profissionais de Administra\u00e7\u00e3o para desempenharem um importante papel na gest\u00e3o p\u00fablica. S\u00f3 no primeiro turno, foram eleitos 61 prefeitos, 46 vice-prefeitos e 2.338 vereadores, todos administradores registrados e ativos nos Conselhos Regionais de Administra\u00e7\u00e3o. No segundo turno, os brasileiros elegeram quatro prefeitos administradores nos estados de S\u00e3o Paulo, Bahia, Paran\u00e1 e Maranh\u00e3o. Os dados s\u00e3o da C\u00e2mara de Fiscaliza\u00e7\u00e3o e Registro do Conselho Federal de Administra\u00e7\u00e3o (CFA).<\/p>\n<p>O diretor da C\u00e2mara de Gest\u00e3o P\u00fablica do Conselho Federal de Administra\u00e7\u00e3o, Francisco Carlos Santos de Jesus, refor\u00e7a o papel dos administradores em cargos e fun\u00e7\u00f5es estrat\u00e9gicas nas prefeituras. \u201c\u00c9 preciso alocar profissionais de Administra\u00e7\u00e3o na gest\u00e3o p\u00fablica para atender atividades espec\u00edficas de suas \u00e1reas, garantindo a efici\u00eancia e a qualidade dos servi\u00e7os prestados \u00e0 popula\u00e7\u00e3o. Muitas vezes, esses profissionais j\u00e1 est\u00e3o entre os funcion\u00e1rios municipais, desempenhando fun\u00e7\u00f5es que podem ser ainda mais potencializadas. Outra alternativa \u00e9 abrir concursos para garantir que os munic\u00edpios contem com um n\u00famero m\u00ednimo de administradores qualificados, assegurando uma gest\u00e3o mais t\u00e9cnica e capacitada para enfrentar os desafios da administra\u00e7\u00e3o p\u00fablica\u201d, afirmou.<\/p>\n<p>Para auxiliar, o CFA desenvolveu uma ferramenta que guia a gest\u00e3o p\u00fablica na busca de melhores resultados, o \u00cdndice CFA de Governan\u00e7a Municipal, mais conhecido por IGM-CFA. O diretor da C\u00e2mara de Gest\u00e3o P\u00fablica, explica os benef\u00edcios desse \u00edndice que os gestores podem utilizar. \u201cTrata-se de uma s\u00e9rie de vari\u00e1veis que analisam diferentes dimens\u00f5es da gest\u00e3o municipal, permitindo que se fa\u00e7a uma compara\u00e7\u00e3o entre os munic\u00edpios e se tome decis\u00f5es mais assertivas e baseadas na capacidade de investimento, melhorando os indicadores. Isso permite que as promessas de campanha sejam transformadas em a\u00e7\u00f5es vi\u00e1veis. E para interpretar indicadores como o IGM-CFA, \u00e9 fundamental a participa\u00e7\u00e3o dos profissionais de Administra\u00e7\u00e3o \u201c, exemplificou.<\/p>\n<p>As informa\u00e7\u00f5es do IGM-CFA s\u00e3o baseadas em dados oficiais, como os disponibilizados pelo Instituto Brasileiro de Geografia e Estat\u00edstica (IBGE), Minist\u00e9rio da Sa\u00fade, entre outras fontes governamentais.<\/p>\n<p>Assessoria de Comunica\u00e7\u00e3o CFA<\/p>\n<button class=\"simplefavorite-button\" data-postid=\"67169\" data-siteid=\"1\" data-groupid=\"1\" data-favoritecount=\"0\" style=\"\">Favorite <i class=\"sf-icon-star-empty\"><\/i><\/button>","protected":false},"excerpt":{"rendered":"<p>Com a conclus\u00e3o das elei\u00e7\u00f5es municipais, o Brasil revelou uma tend\u00eancia da popula\u00e7\u00e3o: eleger profissionais de Administra\u00e7\u00e3o para desempenharem um importante papel na gest\u00e3o p\u00fablica. S\u00f3 no primeiro turno, foram eleitos 61 prefeitos, 46 vice-prefeitos e 2.338 vereadores, todos administradores registrados e ativos nos Conselhos Regionais de Administra\u00e7\u00e3o. No segundo turno, os brasileiros elegeram quatro<a class=\"read-more\" href=\"https:\/\/crarn.org.br\/?p=67169\"> [&hellip;]<\/a><\/p>\n","protected":false},"author":26,"featured_media":67170,"comment_status":"closed","ping_status":"open","sticky":false,"template":"","format":"standard","meta":{"_price":"","_stock":"","_tribe_ticket_header":"","_tribe_default_ticket_provider":"","_tribe_ticket_capacity":"0","_ticket_start_date":"","_ticket_end_date":"","_tribe_ticket_show_description":"","_tribe_ticket_show_not_going":false,"_tribe_ticket_use_global_stock":"","_tribe_ticket_global_stock_level":"","_global_stock_mode":"","_global_stock_cap":"","_tribe_rsvp_for_event":"","_tribe_ticket_going_count":"","_tribe_ticket_not_going_count":"","_tribe_tickets_list":"[]","_tribe_ticket_has_attendee_info_fields":false,"footnotes":"","_links_to":"","_links_to_target":""},"categories":[580,310,320,309],"tags":[],"class_list":["post-67169","post","type-post","status-publish","format-standard","has-post-thumbnail","hentry","category-ano-2024","category-destaque-grande","category-home","category-ultimas-noticias","entry","has-media"],"_links":{"self":[{"href":"https:\/\/crarn.org.br\/index.php?rest_route=\/wp\/v2\/posts\/67169","targetHints":{"allow":["GET"]}}],"collection":[{"href":"https:\/\/crarn.org.br\/index.php?rest_route=\/wp\/v2\/posts"}],"about":[{"href":"https:\/\/crarn.org.br\/index.php?rest_route=\/wp\/v2\/types\/post"}],"author":[{"embeddable":true,"href":"https:\/\/crarn.org.br\/index.php?rest_route=\/wp\/v2\/users\/26"}],"replies":[{"embeddable":true,"href":"https:\/\/crarn.org.br\/index.php?rest_route=%2Fwp%2Fv2%2Fcomments&post=67169"}],"version-history":[{"count":1,"href":"https:\/\/crarn.org.br\/index.php?rest_route=\/wp\/v2\/posts\/67169\/revisions"}],"predecessor-version":[{"id":67171,"href":"https:\/\/crarn.org.br\/index.php?rest_route=\/wp\/v2\/posts\/67169\/revisions\/67171"}],"wp:featuredmedia":[{"embeddable":true,"href":"https:\/\/crarn.org.br\/index.php?rest_route=\/wp\/v2\/media\/67170"}],"wp:attachment":[{"href":"https:\/\/crarn.org.br\/index.php?rest_route=%2Fwp%2Fv2%2Fmedia&parent=67169"}],"wp:term":[{"taxonomy":"category","embeddable":true,"href":"https:\/\/crarn.org.br\/index.php?rest_route=%2Fwp%2Fv2%2Fcategories&post=67169"},{"taxonomy":"post_tag","embeddable":true,"href":"https:\/\/crarn.org.br\/index.php?rest_route=%2Fwp%2Fv2%2Ftags&post=67169"}],"curies":[{"name":"wp","href":"https:\/\/api.w.org\/{rel}","templated":true}]}}