{"id":67152,"date":"2024-10-30T14:40:48","date_gmt":"2024-10-30T17:40:48","guid":{"rendered":"https:\/\/crarn.org.br\/?p=67152"},"modified":"2024-10-30T14:40:50","modified_gmt":"2024-10-30T17:40:50","slug":"presidentes-do-sistema-cfa-cras-se-reunem-em-vitoria","status":"publish","type":"post","link":"https:\/\/crarn.org.br\/?p=67152","title":{"rendered":"Presidentes do Sistema CFA\/CRAs se re\u00fanem em Vit\u00f3ria"},"content":{"rendered":"\n<p>O m\u00eas de outubro fechou movimentado em Vit\u00f3ria, no Esp\u00edrito Santo, onde representantes do Sistema CFA\/CRAs se reuniram para discutir e deliberar sobre temas e projetos importantes para os profissionais de Administra\u00e7\u00e3o.<\/p>\n<p>A semana come\u00e7ou com a 6\u00aa Reuni\u00e3o da Diretoria Executiva, na segunda-feira (28\/10) e, na ter\u00e7a-feira, 29, foi a vez da 9\u00aa Sess\u00e3o Plen\u00e1ria, composta por 27 conselheiros federais.<\/p>\n<p>Nesta quarta-feira (30\/10) est\u00e1 sendo realizado o 4\u00ba F\u00f3rum de Presidentes do Sistema CFA\/CRAs \u2013 2024, com a participa\u00e7\u00e3o do presidente do CRA-RN, Adm. Fl\u00e1vio Em\u00edlio Cavalcanti.<\/p>\n<p>O encontro est\u00e1 acontecendo na sede da Fucape Business School, em Vit\u00f3ria e tem o objetivo de discutir e deliberar sobre temas e projetos importantes para os profissionais de Administra\u00e7\u00e3o e seus conselhos regionais.<\/p>\n<p>A pauta da plen\u00e1ria discute temas como fiscaliza\u00e7\u00e3o de Concursos P\u00fablicos, relat\u00f3rio preparativo do Jubileu dos 60 anos, apresenta\u00e7\u00e3o do Calend\u00e1rio 2025, regulamento que tipifica as multas aplic\u00e1veis no \u00e2mbito do Sistema, CNAEs registr\u00e1veis no CRA, cria\u00e7\u00e3o do C\u00f3digo e Comiss\u00e3o Especial de Conduta, lan\u00e7amento do Painel Gerencial do Sistema CFA\/CRAs<strong>, <\/strong>apresenta\u00e7\u00e3o do relat\u00f3rio das Elei\u00e7\u00f5es do Sistema CFA\/CRAs 2024 etc, al\u00e9m das pautas espec\u00edficas de cada regional.<\/p>\n<p>Nos dias 30 e 31, Vit\u00f3ria tamb\u00e9m recebe o Encontro Regional de Profissionais de Administra\u00e7\u00e3o da Regi\u00e3o Sudeste \u2013 Erpa Sudeste 2024, que tem como tema \u201cTecnologia Transformadora: Desafios Digitais na Administra\u00e7\u00e3o\u201d.<\/p>\n<p>\u00a0<\/p>\n<p>*Com informa\u00e7\u00f5es do www.cfa.org.br<\/p>\n<p>\u00a0<\/p>\n<button class=\"simplefavorite-button\" data-postid=\"67152\" data-siteid=\"1\" data-groupid=\"1\" data-favoritecount=\"0\" style=\"\">Favorite <i class=\"sf-icon-star-empty\"><\/i><\/button>","protected":false},"excerpt":{"rendered":"<p>O m\u00eas de outubro fechou movimentado em Vit\u00f3ria, no Esp\u00edrito Santo, onde representantes do Sistema CFA\/CRAs se reuniram para discutir e deliberar sobre temas e projetos importantes para os profissionais de Administra\u00e7\u00e3o. A semana come\u00e7ou com a 6\u00aa Reuni\u00e3o da Diretoria Executiva, na segunda-feira (28\/10) e, na ter\u00e7a-feira, 29, foi a vez da 9\u00aa Sess\u00e3o<a class=\"read-more\" href=\"https:\/\/crarn.org.br\/?p=67152\"> [&hellip;]<\/a><\/p>\n","protected":false},"author":26,"featured_media":67153,"comment_status":"closed","ping_status":"open","sticky":false,"template":"","format":"standard","meta":{"_price":"","_stock":"","_tribe_ticket_header":"","_tribe_default_ticket_provider":"","_tribe_ticket_capacity":"0","_ticket_start_date":"","_ticket_end_date":"","_tribe_ticket_show_description":"","_tribe_ticket_show_not_going":false,"_tribe_ticket_use_global_stock":"","_tribe_ticket_global_stock_level":"","_global_stock_mode":"","_global_stock_cap":"","_tribe_rsvp_for_event":"","_tribe_ticket_going_count":"","_tribe_ticket_not_going_count":"","_tribe_tickets_list":"[]","_tribe_ticket_has_attendee_info_fields":false,"footnotes":"","_links_to":"","_links_to_target":""},"categories":[580,310,320,399,309],"tags":[],"class_list":["post-67152","post","type-post","status-publish","format-standard","has-post-thumbnail","hentry","category-ano-2024","category-destaque-grande","category-home","category-institucional","category-ultimas-noticias","entry","has-media"],"_links":{"self":[{"href":"https:\/\/crarn.org.br\/index.php?rest_route=\/wp\/v2\/posts\/67152","targetHints":{"allow":["GET"]}}],"collection":[{"href":"https:\/\/crarn.org.br\/index.php?rest_route=\/wp\/v2\/posts"}],"about":[{"href":"https:\/\/crarn.org.br\/index.php?rest_route=\/wp\/v2\/types\/post"}],"author":[{"embeddable":true,"href":"https:\/\/crarn.org.br\/index.php?rest_route=\/wp\/v2\/users\/26"}],"replies":[{"embeddable":true,"href":"https:\/\/crarn.org.br\/index.php?rest_route=%2Fwp%2Fv2%2Fcomments&post=67152"}],"version-history":[{"count":1,"href":"https:\/\/crarn.org.br\/index.php?rest_route=\/wp\/v2\/posts\/67152\/revisions"}],"predecessor-version":[{"id":67154,"href":"https:\/\/crarn.org.br\/index.php?rest_route=\/wp\/v2\/posts\/67152\/revisions\/67154"}],"wp:featuredmedia":[{"embeddable":true,"href":"https:\/\/crarn.org.br\/index.php?rest_route=\/wp\/v2\/media\/67153"}],"wp:attachment":[{"href":"https:\/\/crarn.org.br\/index.php?rest_route=%2Fwp%2Fv2%2Fmedia&parent=67152"}],"wp:term":[{"taxonomy":"category","embeddable":true,"href":"https:\/\/crarn.org.br\/index.php?rest_route=%2Fwp%2Fv2%2Fcategories&post=67152"},{"taxonomy":"post_tag","embeddable":true,"href":"https:\/\/crarn.org.br\/index.php?rest_route=%2Fwp%2Fv2%2Ftags&post=67152"}],"curies":[{"name":"wp","href":"https:\/\/api.w.org\/{rel}","templated":true}]}}