{"id":67147,"date":"2024-10-25T12:54:12","date_gmt":"2024-10-25T15:54:12","guid":{"rendered":"https:\/\/crarn.org.br\/?p=67147"},"modified":"2024-10-25T12:54:16","modified_gmt":"2024-10-25T15:54:16","slug":"fiscalizacao-do-cra-rn-tem-boa-receptividade-na-regiao-oeste","status":"publish","type":"post","link":"https:\/\/crarn.org.br\/?p=67147","title":{"rendered":"Fiscaliza\u00e7\u00e3o do CRA-RN tem boa receptividade na regi\u00e3o Oeste"},"content":{"rendered":"\n<p>Durante o m\u00eas de outubro, as a\u00e7\u00f5es de fiscaliza\u00e7\u00e3o do CRA-RN foram t\u00e9cnicas na regi\u00e3o Oeste do estado.<\/p>\n<p>A equipe, composta pela coordenadora de fiscaliza\u00e7\u00e3o, Adm. Tatiana Costa Pinto, e pelo fiscal, Adm. F\u00e1bio Maia, visitou os munic\u00edpios de Marcelino Vieira, Alexandria, Luis Gomes, Martins, Portalegre, Upanema, Campo Grande, Jucurutu, S\u00e3o Rafael e Umarizal.<\/p>\n<p>O trabalho de orienta\u00e7\u00e3o e conscientiza\u00e7\u00e3o, realizado junto \u00e0s prefeituras visando a composi\u00e7\u00e3o do quadro de servidores, cargos comissionados, licita\u00e7\u00f5es e contratos p\u00fablicos com empresas, foi bem aceito pelos gestores.<\/p>\n<p>Em algumas cidades, onde houve reelei\u00e7\u00e3o, os secret\u00e1rios de administra\u00e7\u00e3o demonstraram interesse em apresentar o Projeto de Lei que trata sobre a inclus\u00e3o de cargos da \u00e1rea de Administra\u00e7\u00e3o, aos prefeitos, para que fosse apreciado e implantado, visando a moderniza\u00e7\u00e3o da estrutura administrativa dos munic\u00edpios.<\/p>\n<button class=\"simplefavorite-button\" data-postid=\"67147\" data-siteid=\"1\" data-groupid=\"1\" data-favoritecount=\"0\" style=\"\">Favorite <i class=\"sf-icon-star-empty\"><\/i><\/button>","protected":false},"excerpt":{"rendered":"<p>Durante o m\u00eas de outubro, as a\u00e7\u00f5es de fiscaliza\u00e7\u00e3o do CRA-RN foram t\u00e9cnicas na regi\u00e3o Oeste do estado. A equipe, composta pela coordenadora de fiscaliza\u00e7\u00e3o, Adm. Tatiana Costa Pinto, e pelo fiscal, Adm. F\u00e1bio Maia, visitou os munic\u00edpios de Marcelino Vieira, Alexandria, Luis Gomes, Martins, Portalegre, Upanema, Campo Grande, Jucurutu, S\u00e3o Rafael e Umarizal. O<a class=\"read-more\" href=\"https:\/\/crarn.org.br\/?p=67147\"> [&hellip;]<\/a><\/p>\n","protected":false},"author":26,"featured_media":67148,"comment_status":"closed","ping_status":"open","sticky":false,"template":"","format":"standard","meta":{"_price":"","_stock":"","_tribe_ticket_header":"","_tribe_default_ticket_provider":"","_tribe_ticket_capacity":"0","_ticket_start_date":"","_ticket_end_date":"","_tribe_ticket_show_description":"","_tribe_ticket_show_not_going":false,"_tribe_ticket_use_global_stock":"","_tribe_ticket_global_stock_level":"","_global_stock_mode":"","_global_stock_cap":"","_tribe_rsvp_for_event":"","_tribe_ticket_going_count":"","_tribe_ticket_not_going_count":"","_tribe_tickets_list":"[]","_tribe_ticket_has_attendee_info_fields":false,"footnotes":"","_links_to":"","_links_to_target":""},"categories":[580,311,320,309],"tags":[],"class_list":["post-67147","post","type-post","status-publish","format-standard","has-post-thumbnail","hentry","category-ano-2024","category-destaque-pequeno-superior","category-home","category-ultimas-noticias","entry","has-media"],"_links":{"self":[{"href":"https:\/\/crarn.org.br\/index.php?rest_route=\/wp\/v2\/posts\/67147","targetHints":{"allow":["GET"]}}],"collection":[{"href":"https:\/\/crarn.org.br\/index.php?rest_route=\/wp\/v2\/posts"}],"about":[{"href":"https:\/\/crarn.org.br\/index.php?rest_route=\/wp\/v2\/types\/post"}],"author":[{"embeddable":true,"href":"https:\/\/crarn.org.br\/index.php?rest_route=\/wp\/v2\/users\/26"}],"replies":[{"embeddable":true,"href":"https:\/\/crarn.org.br\/index.php?rest_route=%2Fwp%2Fv2%2Fcomments&post=67147"}],"version-history":[{"count":1,"href":"https:\/\/crarn.org.br\/index.php?rest_route=\/wp\/v2\/posts\/67147\/revisions"}],"predecessor-version":[{"id":67149,"href":"https:\/\/crarn.org.br\/index.php?rest_route=\/wp\/v2\/posts\/67147\/revisions\/67149"}],"wp:featuredmedia":[{"embeddable":true,"href":"https:\/\/crarn.org.br\/index.php?rest_route=\/wp\/v2\/media\/67148"}],"wp:attachment":[{"href":"https:\/\/crarn.org.br\/index.php?rest_route=%2Fwp%2Fv2%2Fmedia&parent=67147"}],"wp:term":[{"taxonomy":"category","embeddable":true,"href":"https:\/\/crarn.org.br\/index.php?rest_route=%2Fwp%2Fv2%2Fcategories&post=67147"},{"taxonomy":"post_tag","embeddable":true,"href":"https:\/\/crarn.org.br\/index.php?rest_route=%2Fwp%2Fv2%2Ftags&post=67147"}],"curies":[{"name":"wp","href":"https:\/\/api.w.org\/{rel}","templated":true}]}}