{"id":67143,"date":"2024-10-23T16:37:30","date_gmt":"2024-10-23T19:37:30","guid":{"rendered":"https:\/\/crarn.org.br\/?p=67143"},"modified":"2024-10-28T17:05:03","modified_gmt":"2024-10-28T20:05:03","slug":"cra-rn-participa-do-2o-forum-de-empreendedorismo-feminino","status":"publish","type":"post","link":"https:\/\/crarn.org.br\/?p=67143","title":{"rendered":"CRA-RN participa do 2\u00ba F\u00f3rum de Empreendedorismo Feminino"},"content":{"rendered":"\n<p>O CRA-RN foi um dos patrocinadores do 2\u00ba F\u00f3rum de Empreendedorismo Feminino, realizado em Natal, no dia 19 de outubro.<\/p>\n<p>A programa\u00e7\u00e3o do evento consistiu em palestras, pitch de apresenta\u00e7\u00e3o de empresas, pain\u00e9is de debate e entrega de certificado de homenagem a mulheres que se destacaram por incentivar e apoiar o empreendedorismo feminino.<\/p>\n<p>O CRA-RN marcou presen\u00e7a no evento com a participa\u00e7\u00e3o de representantes da Comiss\u00e3o ADM Mulher, a gerente executiva, Adm. Silvana Avelar, a Adm. Lidiane Pessoa, Adm. C\u00e9lia Buarque e Adm. Simone Rom\u00e3o, al\u00e9m da Adm. Adrina de Souza e a estagi\u00e1ria do Conselho, Daylanne Rodrigues.<\/p>\n<button class=\"simplefavorite-button\" data-postid=\"67143\" data-siteid=\"1\" data-groupid=\"1\" data-favoritecount=\"0\" style=\"\">Favorite <i class=\"sf-icon-star-empty\"><\/i><\/button>","protected":false},"excerpt":{"rendered":"<p>O CRA-RN foi um dos patrocinadores do 2\u00ba F\u00f3rum de Empreendedorismo Feminino, realizado em Natal, no dia 19 de outubro. A programa\u00e7\u00e3o do evento consistiu em palestras, pitch de apresenta\u00e7\u00e3o de empresas, pain\u00e9is de debate e entrega de certificado de homenagem a mulheres que se destacaram por incentivar e apoiar o empreendedorismo feminino. O CRA-RN<a class=\"read-more\" href=\"https:\/\/crarn.org.br\/?p=67143\"> [&hellip;]<\/a><\/p>\n","protected":false},"author":26,"featured_media":67144,"comment_status":"closed","ping_status":"open","sticky":false,"template":"","format":"standard","meta":{"_price":"","_stock":"","_tribe_ticket_header":"","_tribe_default_ticket_provider":"","_tribe_ticket_capacity":"0","_ticket_start_date":"","_ticket_end_date":"","_tribe_ticket_show_description":"","_tribe_ticket_show_not_going":false,"_tribe_ticket_use_global_stock":"","_tribe_ticket_global_stock_level":"","_global_stock_mode":"","_global_stock_cap":"","_tribe_rsvp_for_event":"","_tribe_ticket_going_count":"","_tribe_ticket_not_going_count":"","_tribe_tickets_list":"[]","_tribe_ticket_has_attendee_info_fields":false,"footnotes":"","_links_to":"","_links_to_target":""},"categories":[580,310,320,399,309],"tags":[],"class_list":["post-67143","post","type-post","status-publish","format-standard","has-post-thumbnail","hentry","category-ano-2024","category-destaque-grande","category-home","category-institucional","category-ultimas-noticias","entry","has-media"],"_links":{"self":[{"href":"https:\/\/crarn.org.br\/index.php?rest_route=\/wp\/v2\/posts\/67143","targetHints":{"allow":["GET"]}}],"collection":[{"href":"https:\/\/crarn.org.br\/index.php?rest_route=\/wp\/v2\/posts"}],"about":[{"href":"https:\/\/crarn.org.br\/index.php?rest_route=\/wp\/v2\/types\/post"}],"author":[{"embeddable":true,"href":"https:\/\/crarn.org.br\/index.php?rest_route=\/wp\/v2\/users\/26"}],"replies":[{"embeddable":true,"href":"https:\/\/crarn.org.br\/index.php?rest_route=%2Fwp%2Fv2%2Fcomments&post=67143"}],"version-history":[{"count":3,"href":"https:\/\/crarn.org.br\/index.php?rest_route=\/wp\/v2\/posts\/67143\/revisions"}],"predecessor-version":[{"id":67151,"href":"https:\/\/crarn.org.br\/index.php?rest_route=\/wp\/v2\/posts\/67143\/revisions\/67151"}],"wp:featuredmedia":[{"embeddable":true,"href":"https:\/\/crarn.org.br\/index.php?rest_route=\/wp\/v2\/media\/67144"}],"wp:attachment":[{"href":"https:\/\/crarn.org.br\/index.php?rest_route=%2Fwp%2Fv2%2Fmedia&parent=67143"}],"wp:term":[{"taxonomy":"category","embeddable":true,"href":"https:\/\/crarn.org.br\/index.php?rest_route=%2Fwp%2Fv2%2Fcategories&post=67143"},{"taxonomy":"post_tag","embeddable":true,"href":"https:\/\/crarn.org.br\/index.php?rest_route=%2Fwp%2Fv2%2Ftags&post=67143"}],"curies":[{"name":"wp","href":"https:\/\/api.w.org\/{rel}","templated":true}]}}