{"id":67139,"date":"2024-10-23T14:14:14","date_gmt":"2024-10-23T17:14:14","guid":{"rendered":"https:\/\/crarn.org.br\/?p=67139"},"modified":"2024-10-23T14:14:16","modified_gmt":"2024-10-23T17:14:16","slug":"justica-confirma-que-registro-ativo-e-fato-gerador-de-anuidade","status":"publish","type":"post","link":"https:\/\/crarn.org.br\/?p=67139","title":{"rendered":"Justi\u00e7a confirma que registro ativo \u00e9 fato gerador de anuidade"},"content":{"rendered":"\n<p>Recentemente, a Justi\u00e7a Federal deu ganho de causa ao Conselho Regional de Administra\u00e7\u00e3o do RN, em a\u00e7\u00e3o movida por empresa registrada que foi alvo de cobran\u00e7a de anuidades atrasadas.<\/p>\n<p>No processo, a empresa alegou n\u00e3o desenvolver mais qualquer atividade sujeita \u00e0 fiscaliza\u00e7\u00e3o do Conselho, como forma de se eximir da cobran\u00e7a das anuidades. A inadimpl\u00eancia resultou em inscri\u00e7\u00e3o da institui\u00e7\u00e3o em d\u00edvida ativa.<\/p>\n<p>A decis\u00e3o, em \u00faltima inst\u00e2ncia, do Desembargador Federal Paulo Roberto de Oliveira Lima, foi favor\u00e1vel ao CRA-RN, quando refor\u00e7ou a quest\u00e3o de que o fato gerador da anuidade \u00e9 o registro.<\/p>\n<p>Em seu ac\u00f3rd\u00e3o, o desembargador, ressaltou a necessidade de haver a formaliza\u00e7\u00e3o do processo de cancelamento. \u201cComo o conselho profissional n\u00e3o foi oficialmente informado de que a pessoa (f\u00edsica ou jur\u00eddica) deixou de exercer a sua atividade, atrav\u00e9s da respectiva baixa, com as devidas formalidades e apura\u00e7\u00e3o de d\u00e9bitos em aberto, a obrigatoriedade do pagamento das anuidades continua, a evidenciar que o fato gerador das anuidades \u00e9 o registro e n\u00e3o, a efetiva atividade profissional\u201d, escreveu em sua decis\u00e3o.<\/p>\n<p>O CRA-RN chama a aten\u00e7\u00e3o das empresas e profissionais registrados para o fato de que, a partir do momento em que deixem de exercer as atividades no campo da administra\u00e7\u00e3o e n\u00e3o queiram manter o v\u00ednculo com o conselho, providenciem a formaliza\u00e7\u00e3o de licen\u00e7a ou cancelamento do registro, pois, sem esta provid\u00eancia, continuar\u00e3o sendo alvo de cobran\u00e7as leg\u00edtimas e legais das anuidades.<\/p>\n<button class=\"simplefavorite-button\" data-postid=\"67139\" data-siteid=\"1\" data-groupid=\"1\" data-favoritecount=\"0\" style=\"\">Favorite <i class=\"sf-icon-star-empty\"><\/i><\/button>","protected":false},"excerpt":{"rendered":"<p>Recentemente, a Justi\u00e7a Federal deu ganho de causa ao Conselho Regional de Administra\u00e7\u00e3o do RN, em a\u00e7\u00e3o movida por empresa registrada que foi alvo de cobran\u00e7a de anuidades atrasadas. No processo, a empresa alegou n\u00e3o desenvolver mais qualquer atividade sujeita \u00e0 fiscaliza\u00e7\u00e3o do Conselho, como forma de se eximir da cobran\u00e7a das anuidades. A inadimpl\u00eancia<a class=\"read-more\" href=\"https:\/\/crarn.org.br\/?p=67139\"> [&hellip;]<\/a><\/p>\n","protected":false},"author":26,"featured_media":67140,"comment_status":"closed","ping_status":"open","sticky":false,"template":"","format":"standard","meta":{"_price":"","_stock":"","_tribe_ticket_header":"","_tribe_default_ticket_provider":"","_tribe_ticket_capacity":"0","_ticket_start_date":"","_ticket_end_date":"","_tribe_ticket_show_description":"","_tribe_ticket_show_not_going":false,"_tribe_ticket_use_global_stock":"","_tribe_ticket_global_stock_level":"","_global_stock_mode":"","_global_stock_cap":"","_tribe_rsvp_for_event":"","_tribe_ticket_going_count":"","_tribe_ticket_not_going_count":"","_tribe_tickets_list":"[]","_tribe_ticket_has_attendee_info_fields":false,"footnotes":"","_links_to":"","_links_to_target":""},"categories":[580,310,320,399,309],"tags":[],"class_list":["post-67139","post","type-post","status-publish","format-standard","has-post-thumbnail","hentry","category-ano-2024","category-destaque-grande","category-home","category-institucional","category-ultimas-noticias","entry","has-media"],"_links":{"self":[{"href":"https:\/\/crarn.org.br\/index.php?rest_route=\/wp\/v2\/posts\/67139","targetHints":{"allow":["GET"]}}],"collection":[{"href":"https:\/\/crarn.org.br\/index.php?rest_route=\/wp\/v2\/posts"}],"about":[{"href":"https:\/\/crarn.org.br\/index.php?rest_route=\/wp\/v2\/types\/post"}],"author":[{"embeddable":true,"href":"https:\/\/crarn.org.br\/index.php?rest_route=\/wp\/v2\/users\/26"}],"replies":[{"embeddable":true,"href":"https:\/\/crarn.org.br\/index.php?rest_route=%2Fwp%2Fv2%2Fcomments&post=67139"}],"version-history":[{"count":1,"href":"https:\/\/crarn.org.br\/index.php?rest_route=\/wp\/v2\/posts\/67139\/revisions"}],"predecessor-version":[{"id":67141,"href":"https:\/\/crarn.org.br\/index.php?rest_route=\/wp\/v2\/posts\/67139\/revisions\/67141"}],"wp:featuredmedia":[{"embeddable":true,"href":"https:\/\/crarn.org.br\/index.php?rest_route=\/wp\/v2\/media\/67140"}],"wp:attachment":[{"href":"https:\/\/crarn.org.br\/index.php?rest_route=%2Fwp%2Fv2%2Fmedia&parent=67139"}],"wp:term":[{"taxonomy":"category","embeddable":true,"href":"https:\/\/crarn.org.br\/index.php?rest_route=%2Fwp%2Fv2%2Fcategories&post=67139"},{"taxonomy":"post_tag","embeddable":true,"href":"https:\/\/crarn.org.br\/index.php?rest_route=%2Fwp%2Fv2%2Ftags&post=67139"}],"curies":[{"name":"wp","href":"https:\/\/api.w.org\/{rel}","templated":true}]}}