{"id":67133,"date":"2024-10-04T15:52:05","date_gmt":"2024-10-04T18:52:05","guid":{"rendered":"https:\/\/crarn.org.br\/?p=67133"},"modified":"2024-10-04T15:52:07","modified_gmt":"2024-10-04T18:52:07","slug":"fiscalizacao-do-cra-rn-vai-a-regiao-oeste","status":"publish","type":"post","link":"https:\/\/crarn.org.br\/?p=67133","title":{"rendered":"Fiscaliza\u00e7\u00e3o do CRA-RN vai \u00e0 Regi\u00e3o Oeste"},"content":{"rendered":"\n<p>Em outubro, as a\u00e7\u00f5es de fiscaliza\u00e7\u00e3o chegam \u00e0 regi\u00e3o Oeste, marcando um passo importante para o fortalecimento da profiss\u00e3o e a prote\u00e7\u00e3o do mercado de trabalho para os profissionais de Administra\u00e7\u00e3o.<\/p>\n<p>A equipe de fiscaliza\u00e7\u00e3o visitar\u00e1 os munic\u00edpios de Marcelino Vieira, Alexandria, Luiz Gomes, Martins, Portalegre, Upanema, Campo Grande, Jucurutu, S\u00e3o Rafael e Umarizal, dando continuidade ao trabalho de orienta\u00e7\u00e3o e conscientiza\u00e7\u00e3o junto \u00e0s prefeituras, focando na composi\u00e7\u00e3o do quadro de servidores.<\/p>\n<p>Os principais objetivos dessa fiscaliza\u00e7\u00e3o incluem a composi\u00e7\u00e3o dos cargos comissionados nas prefeituras e o incentivo \u00e0 realiza\u00e7\u00e3o de concursos p\u00fablicos com vagas de n\u00edvel superior para os profissionais de Administra\u00e7\u00e3o.<\/p>\n<button class=\"simplefavorite-button\" data-postid=\"67133\" data-siteid=\"1\" data-groupid=\"1\" data-favoritecount=\"0\" style=\"\">Favorite <i class=\"sf-icon-star-empty\"><\/i><\/button>","protected":false},"excerpt":{"rendered":"<p>Em outubro, as a\u00e7\u00f5es de fiscaliza\u00e7\u00e3o chegam \u00e0 regi\u00e3o Oeste, marcando um passo importante para o fortalecimento da profiss\u00e3o e a prote\u00e7\u00e3o do mercado de trabalho para os profissionais de Administra\u00e7\u00e3o. A equipe de fiscaliza\u00e7\u00e3o visitar\u00e1 os munic\u00edpios de Marcelino Vieira, Alexandria, Luiz Gomes, Martins, Portalegre, Upanema, Campo Grande, Jucurutu, S\u00e3o Rafael e Umarizal, dando<a class=\"read-more\" href=\"https:\/\/crarn.org.br\/?p=67133\"> [&hellip;]<\/a><\/p>\n","protected":false},"author":26,"featured_media":67135,"comment_status":"closed","ping_status":"open","sticky":false,"template":"","format":"standard","meta":{"_price":"","_stock":"","_tribe_ticket_header":"","_tribe_default_ticket_provider":"","_tribe_ticket_capacity":"0","_ticket_start_date":"","_ticket_end_date":"","_tribe_ticket_show_description":"","_tribe_ticket_show_not_going":false,"_tribe_ticket_use_global_stock":"","_tribe_ticket_global_stock_level":"","_global_stock_mode":"","_global_stock_cap":"","_tribe_rsvp_for_event":"","_tribe_ticket_going_count":"","_tribe_ticket_not_going_count":"","_tribe_tickets_list":"[]","_tribe_ticket_has_attendee_info_fields":false,"footnotes":"","_links_to":"","_links_to_target":""},"categories":[580,310,320,309],"tags":[],"class_list":["post-67133","post","type-post","status-publish","format-standard","has-post-thumbnail","hentry","category-ano-2024","category-destaque-grande","category-home","category-ultimas-noticias","entry","has-media"],"_links":{"self":[{"href":"https:\/\/crarn.org.br\/index.php?rest_route=\/wp\/v2\/posts\/67133","targetHints":{"allow":["GET"]}}],"collection":[{"href":"https:\/\/crarn.org.br\/index.php?rest_route=\/wp\/v2\/posts"}],"about":[{"href":"https:\/\/crarn.org.br\/index.php?rest_route=\/wp\/v2\/types\/post"}],"author":[{"embeddable":true,"href":"https:\/\/crarn.org.br\/index.php?rest_route=\/wp\/v2\/users\/26"}],"replies":[{"embeddable":true,"href":"https:\/\/crarn.org.br\/index.php?rest_route=%2Fwp%2Fv2%2Fcomments&post=67133"}],"version-history":[{"count":1,"href":"https:\/\/crarn.org.br\/index.php?rest_route=\/wp\/v2\/posts\/67133\/revisions"}],"predecessor-version":[{"id":67134,"href":"https:\/\/crarn.org.br\/index.php?rest_route=\/wp\/v2\/posts\/67133\/revisions\/67134"}],"wp:featuredmedia":[{"embeddable":true,"href":"https:\/\/crarn.org.br\/index.php?rest_route=\/wp\/v2\/media\/67135"}],"wp:attachment":[{"href":"https:\/\/crarn.org.br\/index.php?rest_route=%2Fwp%2Fv2%2Fmedia&parent=67133"}],"wp:term":[{"taxonomy":"category","embeddable":true,"href":"https:\/\/crarn.org.br\/index.php?rest_route=%2Fwp%2Fv2%2Fcategories&post=67133"},{"taxonomy":"post_tag","embeddable":true,"href":"https:\/\/crarn.org.br\/index.php?rest_route=%2Fwp%2Fv2%2Ftags&post=67133"}],"curies":[{"name":"wp","href":"https:\/\/api.w.org\/{rel}","templated":true}]}}