{"id":67111,"date":"2024-09-25T16:52:12","date_gmt":"2024-09-25T19:52:12","guid":{"rendered":"https:\/\/crarn.org.br\/?p=67111"},"modified":"2024-09-25T16:52:15","modified_gmt":"2024-09-25T19:52:15","slug":"fiscalizacao-do-cra-rn-consegue-retificacao-de-edital-de-concurso-da-ufrn","status":"publish","type":"post","link":"https:\/\/crarn.org.br\/?p=67111","title":{"rendered":"Fiscaliza\u00e7\u00e3o do CRA-RN consegue retifica\u00e7\u00e3o de Edital de concurso da UFRN"},"content":{"rendered":"\n<p>Em mais uma a\u00e7\u00e3o do CRA-RN em busca da valoriza\u00e7\u00e3o dos profissionais de Administra\u00e7\u00e3o e da garantia de espa\u00e7o no mercado de trabalho, a fiscaliza\u00e7\u00e3o do regional analisou o Edital N\u00b0 075\/2024-PROGESP, relativo ao processo seletivo simplificado para professor substituto\/tempor\u00e1rio do Centro de Ci\u00eancias Sociais Aplicadas \u2013 CCSA da UFRN e verificou que n\u00e3o estavam sendo cumpridos os dispositivos legais relacionados aos requisitos de ingresso para lecionar mat\u00e9rias consideradas t\u00edpicas da Administra\u00e7\u00e3o.<\/p>\n<p>De imediato, fez contato com gestores e coordenadores da universidade e enviou of\u00edcio solicitando que fosse feita uma retifica\u00e7\u00e3o do \u00edtem 2.1 do edital, exigindo como requisito de ingresso para o cargo de professor substituto\/tempor\u00e1rio, a exclusividade para os graduados em Administra\u00e7\u00e3o, j\u00e1 que a disciplina de Administra\u00e7\u00e3o Geral \u00e9 considerada uma mat\u00e9ria t\u00e9cnica, portanto, campo privativo do profissional de administra\u00e7\u00e3o.<\/p>\n<p>A UFRN, prontamente, acatou a solicita\u00e7\u00e3o do Conselho e j\u00e1 realizou a retifica\u00e7\u00e3o do Edital, colocando a vaga como exclusividade para os graduados em administra\u00e7\u00e3o.<\/p>\n<p>\u00a0<\/p>\n<button class=\"simplefavorite-button\" data-postid=\"67111\" data-siteid=\"1\" data-groupid=\"1\" data-favoritecount=\"0\" style=\"\">Favorite <i class=\"sf-icon-star-empty\"><\/i><\/button>","protected":false},"excerpt":{"rendered":"<p>Em mais uma a\u00e7\u00e3o do CRA-RN em busca da valoriza\u00e7\u00e3o dos profissionais de Administra\u00e7\u00e3o e da garantia de espa\u00e7o no mercado de trabalho, a fiscaliza\u00e7\u00e3o do regional analisou o Edital N\u00b0 075\/2024-PROGESP, relativo ao processo seletivo simplificado para professor substituto\/tempor\u00e1rio do Centro de Ci\u00eancias Sociais Aplicadas \u2013 CCSA da UFRN e verificou que n\u00e3o estavam<a class=\"read-more\" href=\"https:\/\/crarn.org.br\/?p=67111\"> [&hellip;]<\/a><\/p>\n","protected":false},"author":26,"featured_media":67112,"comment_status":"closed","ping_status":"open","sticky":false,"template":"","format":"standard","meta":{"_price":"","_stock":"","_tribe_ticket_header":"","_tribe_default_ticket_provider":"","_tribe_ticket_capacity":"0","_ticket_start_date":"","_ticket_end_date":"","_tribe_ticket_show_description":"","_tribe_ticket_show_not_going":false,"_tribe_ticket_use_global_stock":"","_tribe_ticket_global_stock_level":"","_global_stock_mode":"","_global_stock_cap":"","_tribe_rsvp_for_event":"","_tribe_ticket_going_count":"","_tribe_ticket_not_going_count":"","_tribe_tickets_list":"[]","_tribe_ticket_has_attendee_info_fields":false,"footnotes":"","_links_to":"","_links_to_target":""},"categories":[580,311,320,309],"tags":[],"class_list":["post-67111","post","type-post","status-publish","format-standard","has-post-thumbnail","hentry","category-ano-2024","category-destaque-pequeno-superior","category-home","category-ultimas-noticias","entry","has-media"],"_links":{"self":[{"href":"https:\/\/crarn.org.br\/index.php?rest_route=\/wp\/v2\/posts\/67111","targetHints":{"allow":["GET"]}}],"collection":[{"href":"https:\/\/crarn.org.br\/index.php?rest_route=\/wp\/v2\/posts"}],"about":[{"href":"https:\/\/crarn.org.br\/index.php?rest_route=\/wp\/v2\/types\/post"}],"author":[{"embeddable":true,"href":"https:\/\/crarn.org.br\/index.php?rest_route=\/wp\/v2\/users\/26"}],"replies":[{"embeddable":true,"href":"https:\/\/crarn.org.br\/index.php?rest_route=%2Fwp%2Fv2%2Fcomments&post=67111"}],"version-history":[{"count":1,"href":"https:\/\/crarn.org.br\/index.php?rest_route=\/wp\/v2\/posts\/67111\/revisions"}],"predecessor-version":[{"id":67113,"href":"https:\/\/crarn.org.br\/index.php?rest_route=\/wp\/v2\/posts\/67111\/revisions\/67113"}],"wp:featuredmedia":[{"embeddable":true,"href":"https:\/\/crarn.org.br\/index.php?rest_route=\/wp\/v2\/media\/67112"}],"wp:attachment":[{"href":"https:\/\/crarn.org.br\/index.php?rest_route=%2Fwp%2Fv2%2Fmedia&parent=67111"}],"wp:term":[{"taxonomy":"category","embeddable":true,"href":"https:\/\/crarn.org.br\/index.php?rest_route=%2Fwp%2Fv2%2Fcategories&post=67111"},{"taxonomy":"post_tag","embeddable":true,"href":"https:\/\/crarn.org.br\/index.php?rest_route=%2Fwp%2Fv2%2Ftags&post=67111"}],"curies":[{"name":"wp","href":"https:\/\/api.w.org\/{rel}","templated":true}]}}