{"id":67105,"date":"2024-09-25T15:46:40","date_gmt":"2024-09-25T18:46:40","guid":{"rendered":"https:\/\/crarn.org.br\/?p=67105"},"modified":"2024-09-25T16:55:57","modified_gmt":"2024-09-25T19:55:57","slug":"cra-rn-promove-qualificacao-com-curso-de-responsabilidade-tecnica-para-profissionais","status":"publish","type":"post","link":"https:\/\/crarn.org.br\/?p=67105","title":{"rendered":"CRA-RN promove qualifica\u00e7\u00e3o com Curso de Responsabilidade T\u00e9cnica para profissionais"},"content":{"rendered":"\n<p>O Conselho Regional de Administra\u00e7\u00e3o do Rio Grande do Norte (CRA-RN) iniciou, nesta ter\u00e7a-feira (24\/09), o Curso de Responsabilidade T\u00e9cnica, voltado para profissionais que atuam ou pretendem atuar como Respons\u00e1veis T\u00e9cnicos em empresas registradas no conselho.<\/p>\n<p>O evento, ministrado pela coordenadora de Fiscaliza\u00e7\u00e3o, Adm. Tatiana Costa Pinto, acontece na sede do CRA-RN em Natal, de 24 a 25\/09.<\/p>\n<p>A diretora de Fiscaliza\u00e7\u00e3o, Kate Maciel, recepcionou os participantes e ressaltou que este \u00e9 o primeiro curso presencial de RT ap\u00f3s a pandemia, com novidades, at\u00e9 mesmo para quem j\u00e1 participou antes. Ela informou que ap\u00f3s a entrega dos certificados, ser\u00e1 publicada uma lista de RTs no site do conselho para consulta das empresas que precisem contratar esses profissionais.<\/p>\n<p>A capacita\u00e7\u00e3o faz parte de um conjunto de a\u00e7\u00f5es do CRA-RN para valorizar e promover o desenvolvimento cont\u00ednuo dos profissionais. \u00c9 aberta para todos os profissionais de Administra\u00e7\u00e3o, mas tem como principal objetivo certificar administradores que ainda n\u00e3o possuem o Certificado de RT, necess\u00e1rio para exercer a fun\u00e7\u00e3o.<\/p>\n<p>De acordo com a coordenadora de Fiscaliza\u00e7\u00e3o do CRA-RN, ao assumir a fun\u00e7\u00e3o de Respons\u00e1vel T\u00e9cnico em uma empresa, conforme Resolu\u00e7\u00e3o Normativa do CRA-RN, o administrador ter\u00e1 um prazo para apresentar o certificado de participa\u00e7\u00e3o no curso, comprovando que possui os conhecimentos exigidos pela regulamenta\u00e7\u00e3o. \u201cA normativa fortalece a fiscaliza\u00e7\u00e3o e visa garantir que os profissionais estejam devidamente preparados para gerenciar suas atividades, refor\u00e7ando a import\u00e2ncia da compet\u00eancia t\u00e9cnica no exerc\u00edcio de suas responsabilidades\u201d, explicou.<\/p>\n<p>A administradora Andrea Simone Oliveira, participante do curso, considera muito importante esta oportunidade, porque ajuda o profissional a entender suas obriga\u00e7\u00f5es legais e \u00e9ticas ao assumir a responsabilidade t\u00e9cnica por uma empresa. \u201cO conte\u00fado inclui conhecimentos espec\u00edficos sobre normas reguladoras do CRA e da legisla\u00e7\u00e3o vigente no Brasil, como o c\u00f3digo de \u00e9tica dos profissionais de Administra\u00e7\u00e3o\u201d, afirmou.\u00a0<\/p>\n\n\n\n\n<button class=\"simplefavorite-button\" data-postid=\"67105\" data-siteid=\"1\" data-groupid=\"1\" data-favoritecount=\"0\" style=\"\">Favorite <i class=\"sf-icon-star-empty\"><\/i><\/button>","protected":false},"excerpt":{"rendered":"<p>O Conselho Regional de Administra\u00e7\u00e3o do Rio Grande do Norte (CRA-RN) iniciou, nesta ter\u00e7a-feira (24\/09), o Curso de Responsabilidade T\u00e9cnica, voltado para profissionais que atuam ou pretendem atuar como Respons\u00e1veis T\u00e9cnicos em empresas registradas no conselho. O evento, ministrado pela coordenadora de Fiscaliza\u00e7\u00e3o, Adm. Tatiana Costa Pinto, acontece na sede do CRA-RN em Natal, de<a class=\"read-more\" href=\"https:\/\/crarn.org.br\/?p=67105\"> [&hellip;]<\/a><\/p>\n","protected":false},"author":26,"featured_media":67107,"comment_status":"closed","ping_status":"open","sticky":false,"template":"","format":"standard","meta":{"_price":"","_stock":"","_tribe_ticket_header":"","_tribe_default_ticket_provider":"","_tribe_ticket_capacity":"0","_ticket_start_date":"","_ticket_end_date":"","_tribe_ticket_show_description":"","_tribe_ticket_show_not_going":false,"_tribe_ticket_use_global_stock":"","_tribe_ticket_global_stock_level":"","_global_stock_mode":"","_global_stock_cap":"","_tribe_rsvp_for_event":"","_tribe_ticket_going_count":"","_tribe_ticket_not_going_count":"","_tribe_tickets_list":"[]","_tribe_ticket_has_attendee_info_fields":false,"footnotes":"","_links_to":"","_links_to_target":""},"categories":[580,310,320,399,309],"tags":[],"class_list":["post-67105","post","type-post","status-publish","format-standard","has-post-thumbnail","hentry","category-ano-2024","category-destaque-grande","category-home","category-institucional","category-ultimas-noticias","entry","has-media"],"_links":{"self":[{"href":"https:\/\/crarn.org.br\/index.php?rest_route=\/wp\/v2\/posts\/67105","targetHints":{"allow":["GET"]}}],"collection":[{"href":"https:\/\/crarn.org.br\/index.php?rest_route=\/wp\/v2\/posts"}],"about":[{"href":"https:\/\/crarn.org.br\/index.php?rest_route=\/wp\/v2\/types\/post"}],"author":[{"embeddable":true,"href":"https:\/\/crarn.org.br\/index.php?rest_route=\/wp\/v2\/users\/26"}],"replies":[{"embeddable":true,"href":"https:\/\/crarn.org.br\/index.php?rest_route=%2Fwp%2Fv2%2Fcomments&post=67105"}],"version-history":[{"count":4,"href":"https:\/\/crarn.org.br\/index.php?rest_route=\/wp\/v2\/posts\/67105\/revisions"}],"predecessor-version":[{"id":67114,"href":"https:\/\/crarn.org.br\/index.php?rest_route=\/wp\/v2\/posts\/67105\/revisions\/67114"}],"wp:featuredmedia":[{"embeddable":true,"href":"https:\/\/crarn.org.br\/index.php?rest_route=\/wp\/v2\/media\/67107"}],"wp:attachment":[{"href":"https:\/\/crarn.org.br\/index.php?rest_route=%2Fwp%2Fv2%2Fmedia&parent=67105"}],"wp:term":[{"taxonomy":"category","embeddable":true,"href":"https:\/\/crarn.org.br\/index.php?rest_route=%2Fwp%2Fv2%2Fcategories&post=67105"},{"taxonomy":"post_tag","embeddable":true,"href":"https:\/\/crarn.org.br\/index.php?rest_route=%2Fwp%2Fv2%2Ftags&post=67105"}],"curies":[{"name":"wp","href":"https:\/\/api.w.org\/{rel}","templated":true}]}}