{"id":67102,"date":"2024-09-24T12:35:19","date_gmt":"2024-09-24T15:35:19","guid":{"rendered":"https:\/\/crarn.org.br\/?p=67102"},"modified":"2024-09-24T12:35:21","modified_gmt":"2024-09-24T15:35:21","slug":"estao-abertas-as-inscricoes-para-a-jornada-academica-de-administracao","status":"publish","type":"post","link":"https:\/\/crarn.org.br\/?p=67102","title":{"rendered":"Est\u00e3o abertas as inscri\u00e7\u00f5es para a Jornada Acad\u00eamica de Administra\u00e7\u00e3o"},"content":{"rendered":"\n<p>O evento mais esperado por estudantes e profissionais de Administra\u00e7\u00e3o j\u00e1 est\u00e1 com as inscri\u00e7\u00f5es abertas: a Jornada Acad\u00eamica de Administra\u00e7\u00e3o, evento on-line que ocorre nos dias 26 e 27 de setembro, com os temas mais atuais e relevantes para a profiss\u00e3o no Brasil e no mundo.<\/p>\n<p>A programa\u00e7\u00e3o ao vivo, que ser\u00e1 transmitida pelo CFAPlay, contar\u00e1 com dois pain\u00e9is especiais e oito palestrantes renomados, que abordar\u00e3o temas atuais e tend\u00eancias do mercado de Administra\u00e7\u00e3o, como intelig\u00eancia artificial, inova\u00e7\u00e3o e concursos. Ser\u00e1 uma oportunidade \u00fanica para aprofundar seus conhecimentos e se conectar com profissionais que est\u00e3o moldando o futuro da \u00e1rea.<\/p>\n<p>Os palestrantes v\u00e3o responder d\u00favidas e questionamentos dos participantes. Quem acompanhar a jornada vai garantir tamb\u00e9m certificado de participa\u00e7\u00e3o por palestra.<\/p>\n<p>N\u00e3o fique de fora desse evento que promete ser um marco no desenvolvimento acad\u00eamico e profissional dos participantes!<\/p>\n<p>Todo o evento, desde a inscri\u00e7\u00e3o at\u00e9 o certificado, \u00e9 de gra\u00e7a! Acesse agora mesmo o site e garanta a sua inscri\u00e7\u00e3o: <a href=\"http:\/\/cfa.org.br\/jornada2024\/\">http:\/\/cfa.org.br\/jornada2024\/<\/a><\/p>\n<p>\u00a0<\/p>\n<p>Alexandra Fiori\u00a0 \u00a0 \u00a0 \u00a0 \u00a0 \u00a0 \u00a0 \u00a0 \u00a0 \u00a0 \u00a0 \u00a0 \u00a0 \u00a0 \u00a0 \u00a0 \u00a0 \u00a0 \u00a0 \u00a0 \u00a0 \u00a0 \u00a0 \u00a0 \u00a0 \u00a0 \u00a0 \u00a0 \u00a0 \u00a0 \u00a0 \u00a0 \u00a0 \u00a0 \u00a0 \u00a0 \u00a0 \u00a0 \u00a0 \u00a0 \u00a0 \u00a0 \u00a0 \u00a0 \u00a0 \u00a0 \u00a0 \u00a0 \u00a0 \u00a0 \u00a0 \u00a0 \u00a0 \u00a0 \u00a0 \u00a0 \u00a0 \u00a0 \u00a0 \u00a0 \u00a0 \u00a0 \u00a0 \u00a0 \u00a0 \u00a0 \u00a0 \u00a0 \u00a0 \u00a0 \u00a0 \u00a0 \u00a0 \u00a0 \u00a0 \u00a0 \u00a0 \u00a0 \u00a0 \u00a0 \u00a0 \u00a0 \u00a0 \u00a0 \u00a0 \u00a0 \u00a0 \u00a0 \u00a0 \u00a0 \u00a0 \u00a0 \u00a0 \u00a0 \u00a0 \u00a0 \u00a0 \u00a0 \u00a0 \u00a0 \u00a0 \u00a0 Assessoria de Comunica\u00e7\u00e3o<\/p>\n<h5>\u00a0<\/h5>\n<button class=\"simplefavorite-button\" data-postid=\"67102\" data-siteid=\"1\" data-groupid=\"1\" data-favoritecount=\"0\" style=\"\">Favorite <i class=\"sf-icon-star-empty\"><\/i><\/button>","protected":false},"excerpt":{"rendered":"<p>O evento mais esperado por estudantes e profissionais de Administra\u00e7\u00e3o j\u00e1 est\u00e1 com as inscri\u00e7\u00f5es abertas: a Jornada Acad\u00eamica de Administra\u00e7\u00e3o, evento on-line que ocorre nos dias 26 e 27 de setembro, com os temas mais atuais e relevantes para a profiss\u00e3o no Brasil e no mundo. A programa\u00e7\u00e3o ao vivo, que ser\u00e1 transmitida pelo<a class=\"read-more\" href=\"https:\/\/crarn.org.br\/?p=67102\"> [&hellip;]<\/a><\/p>\n","protected":false},"author":26,"featured_media":67103,"comment_status":"closed","ping_status":"open","sticky":false,"template":"","format":"standard","meta":{"_price":"","_stock":"","_tribe_ticket_header":"","_tribe_default_ticket_provider":"","_tribe_ticket_capacity":"0","_ticket_start_date":"","_ticket_end_date":"","_tribe_ticket_show_description":"","_tribe_ticket_show_not_going":false,"_tribe_ticket_use_global_stock":"","_tribe_ticket_global_stock_level":"","_global_stock_mode":"","_global_stock_cap":"","_tribe_rsvp_for_event":"","_tribe_ticket_going_count":"","_tribe_ticket_not_going_count":"","_tribe_tickets_list":"[]","_tribe_ticket_has_attendee_info_fields":false,"footnotes":"","_links_to":"","_links_to_target":""},"categories":[580,426,310,320,399,309],"tags":[],"class_list":["post-67102","post","type-post","status-publish","format-standard","has-post-thumbnail","hentry","category-ano-2024","category-cfa","category-destaque-grande","category-home","category-institucional","category-ultimas-noticias","entry","has-media"],"_links":{"self":[{"href":"https:\/\/crarn.org.br\/index.php?rest_route=\/wp\/v2\/posts\/67102","targetHints":{"allow":["GET"]}}],"collection":[{"href":"https:\/\/crarn.org.br\/index.php?rest_route=\/wp\/v2\/posts"}],"about":[{"href":"https:\/\/crarn.org.br\/index.php?rest_route=\/wp\/v2\/types\/post"}],"author":[{"embeddable":true,"href":"https:\/\/crarn.org.br\/index.php?rest_route=\/wp\/v2\/users\/26"}],"replies":[{"embeddable":true,"href":"https:\/\/crarn.org.br\/index.php?rest_route=%2Fwp%2Fv2%2Fcomments&post=67102"}],"version-history":[{"count":1,"href":"https:\/\/crarn.org.br\/index.php?rest_route=\/wp\/v2\/posts\/67102\/revisions"}],"predecessor-version":[{"id":67104,"href":"https:\/\/crarn.org.br\/index.php?rest_route=\/wp\/v2\/posts\/67102\/revisions\/67104"}],"wp:featuredmedia":[{"embeddable":true,"href":"https:\/\/crarn.org.br\/index.php?rest_route=\/wp\/v2\/media\/67103"}],"wp:attachment":[{"href":"https:\/\/crarn.org.br\/index.php?rest_route=%2Fwp%2Fv2%2Fmedia&parent=67102"}],"wp:term":[{"taxonomy":"category","embeddable":true,"href":"https:\/\/crarn.org.br\/index.php?rest_route=%2Fwp%2Fv2%2Fcategories&post=67102"},{"taxonomy":"post_tag","embeddable":true,"href":"https:\/\/crarn.org.br\/index.php?rest_route=%2Fwp%2Fv2%2Ftags&post=67102"}],"curies":[{"name":"wp","href":"https:\/\/api.w.org\/{rel}","templated":true}]}}