{"id":67089,"date":"2024-09-19T13:42:06","date_gmt":"2024-09-19T16:42:06","guid":{"rendered":"https:\/\/crarn.org.br\/?p=67089"},"modified":"2024-12-06T13:11:28","modified_gmt":"2024-12-06T16:11:28","slug":"profissionais-elegem-a-chapa-02-para-o-cra-rn-e-chapa-01-para-o-cfa","status":"publish","type":"post","link":"https:\/\/crarn.org.br\/?p=67089","title":{"rendered":"Profissionais elegem a chapa 02 para o CRA-RN e Chapa 01 para o CFA"},"content":{"rendered":"\n<p>Os profissionais de Administra\u00e7\u00e3o escolheram, nesta quarta-feira, 18\/09, os novos representantes do Sistema Conselhos Federal e Regionais de Administra\u00e7\u00e3o (CFA\/CRAs).<\/p>\n<p>Os eleitores renovaram um ter\u00e7o dos conselheiros federais e regionais.<\/p>\n<p>No RN, os profissionais elegeram a Chapa 01 para o Conselho Federal, tendo como conselheiro efetivo, o Adm. J\u00falio Francisco Dantas de Rezende e a Adm. Maria Val\u00e9ria pereira de Ara\u00fajo, como suplente.<\/p>\n<p>Para o CRA-RN, foram eleitos conselheiros efetivos o Adm. Fl\u00e1vio Em\u00edlio Monteiro Cavalcanti, Adm. Sandro Calafange de Magalh\u00e3es Pacheco e Adm. \u00a0Alice Dantas de Medeiros e, seus suplentes, Adm. Katarina Alc\u00e2ntara, Adm. Simone Silva Rom\u00e3o Cir\u00edaco, Adm. J\u00falio C\u00e9sar Rodrigues de Sousa e Adm. Maria das Neves Mariz Maia.<\/p>\n<p>A vota\u00e7\u00e3o foi realizada online da 0h \u00e0s 22h por meio do site <a href=\"http:\/\/www.votaadministrador.com\">www.votaadministrador.com<\/a>.<\/p>\n<p>O an\u00fancio da apura\u00e7\u00e3o dos votos foi feito \u00e0s 22h30 no plen\u00e1rio do CFA, em Bras\u00edlia, com transmiss\u00e3o ao vivo pelo CFAPlay.\u00a0<\/p>\n<p>Os profissionais que fazem parte do col\u00e9gio eleitoral e n\u00e3o votaram, devem justificar at\u00e9 o dia 17\/11\/2024, atrav\u00e9s do site www.votaadministrador.org.br, no \u00cdcone &#8220;Justificar&#8221;. A justificativa j\u00e1 est\u00e1 dispon\u00edvel no site.<\/p>\n<p>\u00a0<\/p>\n<p>Confiram a vota\u00e7\u00e3o de cada chapa:<\/p>\n<p><strong>CFA<\/strong><\/p>\n<p>Chapa 01 &#8211; 228 votos = 73,08% dos votos<\/p>\n<p>Chapa 02 &#8211; 47 votos = 15,06% dos votos<\/p>\n<p>\u00a0<\/p>\n<p><strong>CRA \/RN<\/strong><\/p>\n<p>Chapa 01 &#8211; 68 votos =\u00a0\u00a0 21,79% dos votos<\/p>\n<p>Chapa 02 &#8211; 210 votos = 67,31% dos votos<\/p>\n<button class=\"simplefavorite-button\" data-postid=\"67089\" data-siteid=\"1\" data-groupid=\"1\" data-favoritecount=\"0\" style=\"\">Favorite <i class=\"sf-icon-star-empty\"><\/i><\/button>","protected":false},"excerpt":{"rendered":"<p>Os profissionais de Administra\u00e7\u00e3o escolheram, nesta quarta-feira, 18\/09, os novos representantes do Sistema Conselhos Federal e Regionais de Administra\u00e7\u00e3o (CFA\/CRAs). Os eleitores renovaram um ter\u00e7o dos conselheiros federais e regionais. No RN, os profissionais elegeram a Chapa 01 para o Conselho Federal, tendo como conselheiro efetivo, o Adm. J\u00falio Francisco Dantas de Rezende e a<a class=\"read-more\" href=\"https:\/\/crarn.org.br\/?p=67089\"> [&hellip;]<\/a><\/p>\n","protected":false},"author":26,"featured_media":67090,"comment_status":"closed","ping_status":"open","sticky":false,"template":"","format":"standard","meta":{"_price":"","_stock":"","_tribe_ticket_header":"","_tribe_default_ticket_provider":"","_tribe_ticket_capacity":"0","_ticket_start_date":"","_ticket_end_date":"","_tribe_ticket_show_description":"","_tribe_ticket_show_not_going":false,"_tribe_ticket_use_global_stock":"","_tribe_ticket_global_stock_level":"","_global_stock_mode":"","_global_stock_cap":"","_tribe_rsvp_for_event":"","_tribe_ticket_going_count":"","_tribe_ticket_not_going_count":"","_tribe_tickets_list":"[]","_tribe_ticket_has_attendee_info_fields":false,"footnotes":"","_links_to":"","_links_to_target":""},"categories":[580,312,320,399,309],"tags":[],"class_list":["post-67089","post","type-post","status-publish","format-standard","has-post-thumbnail","hentry","category-ano-2024","category-destaque-pequeno-inferior","category-home","category-institucional","category-ultimas-noticias","entry","has-media"],"_links":{"self":[{"href":"https:\/\/crarn.org.br\/index.php?rest_route=\/wp\/v2\/posts\/67089","targetHints":{"allow":["GET"]}}],"collection":[{"href":"https:\/\/crarn.org.br\/index.php?rest_route=\/wp\/v2\/posts"}],"about":[{"href":"https:\/\/crarn.org.br\/index.php?rest_route=\/wp\/v2\/types\/post"}],"author":[{"embeddable":true,"href":"https:\/\/crarn.org.br\/index.php?rest_route=\/wp\/v2\/users\/26"}],"replies":[{"embeddable":true,"href":"https:\/\/crarn.org.br\/index.php?rest_route=%2Fwp%2Fv2%2Fcomments&post=67089"}],"version-history":[{"count":2,"href":"https:\/\/crarn.org.br\/index.php?rest_route=\/wp\/v2\/posts\/67089\/revisions"}],"predecessor-version":[{"id":67209,"href":"https:\/\/crarn.org.br\/index.php?rest_route=\/wp\/v2\/posts\/67089\/revisions\/67209"}],"wp:featuredmedia":[{"embeddable":true,"href":"https:\/\/crarn.org.br\/index.php?rest_route=\/wp\/v2\/media\/67090"}],"wp:attachment":[{"href":"https:\/\/crarn.org.br\/index.php?rest_route=%2Fwp%2Fv2%2Fmedia&parent=67089"}],"wp:term":[{"taxonomy":"category","embeddable":true,"href":"https:\/\/crarn.org.br\/index.php?rest_route=%2Fwp%2Fv2%2Fcategories&post=67089"},{"taxonomy":"post_tag","embeddable":true,"href":"https:\/\/crarn.org.br\/index.php?rest_route=%2Fwp%2Fv2%2Ftags&post=67089"}],"curies":[{"name":"wp","href":"https:\/\/api.w.org\/{rel}","templated":true}]}}