{"id":67073,"date":"2024-09-11T15:59:12","date_gmt":"2024-09-11T18:59:12","guid":{"rendered":"https:\/\/crarn.org.br\/?p=67073"},"modified":"2024-09-11T15:59:14","modified_gmt":"2024-09-11T18:59:14","slug":"comemoracao-do-dia-do-profissional-de-administracao-em-mossoro","status":"publish","type":"post","link":"https:\/\/crarn.org.br\/?p=67073","title":{"rendered":"Comemora\u00e7\u00e3o do Dia do Profissional de Administra\u00e7\u00e3o em Mossor\u00f3"},"content":{"rendered":"\n<p>Nesta ter\u00e7a-feira, dia 10 de setembro, o Conselho Regional de Administra\u00e7\u00e3o do Rio Grande do Norte (CRA-RN) promoveu um evento especial em Mossor\u00f3 para celebrar o Dia do Profissional de Administra\u00e7\u00e3o. A ocasi\u00e3o contou com uma atividade enriquecedora, quando foram destacados a import\u00e2ncia e os desafios da profiss\u00e3o.<\/p>\n<p>A programa\u00e7\u00e3o come\u00e7ou com uma palestra proferida pelo presidente do CRA-RN, Adm. Fl\u00e1vio Em\u00edlio Cavalcanti. Em parceria com a Universidade Federal Rural do Semi-\u00c1rido (UFERSA), a Unicat\u00f3lica e o Sebrae, o evento trouxe para o p\u00fablico acad\u00eamico uma discuss\u00e3o relevante sobre o tema &#8220;Desafios e Oportunidades para Profissionais de Administra\u00e7\u00e3o&#8221;. Durante sua fala, o Adm. Fl\u00e1vio Em\u00edlio Cavalcanti abordou as principais tend\u00eancias e os desafios enfrentados pelos profissionais no cen\u00e1rio atual, destacando as oportunidades de crescimento e inova\u00e7\u00e3o na profiss\u00e3o, al\u00e9m de uma exposi\u00e7\u00e3o sobre o Conselho e seu importante trabalho em defesa da Administra\u00e7\u00e3o.<\/p>\n<p>O evento tamb\u00e9m contou com a participa\u00e7\u00e3o do representante do Sebrae em Mossor\u00f3, Paulo Miranda, e do conselheiro federal J\u00falio Rezende.<\/p>\n<p>Ap\u00f3s a palestra, os profissionais da cidade tiveram a oportunidade de celebrar a profiss\u00e3o em um jantar de confraterniza\u00e7\u00e3o, realizado no Restaurante T\u00e1bua de Carne.<\/p>\n\n\n<button class=\"simplefavorite-button\" data-postid=\"67073\" data-siteid=\"1\" data-groupid=\"1\" data-favoritecount=\"0\" style=\"\">Favorite <i class=\"sf-icon-star-empty\"><\/i><\/button>","protected":false},"excerpt":{"rendered":"<p>Nesta ter\u00e7a-feira, dia 10 de setembro, o Conselho Regional de Administra\u00e7\u00e3o do Rio Grande do Norte (CRA-RN) promoveu um evento especial em Mossor\u00f3 para celebrar o Dia do Profissional de Administra\u00e7\u00e3o. A ocasi\u00e3o contou com uma atividade enriquecedora, quando foram destacados a import\u00e2ncia e os desafios da profiss\u00e3o. A programa\u00e7\u00e3o come\u00e7ou com uma palestra proferida<a class=\"read-more\" href=\"https:\/\/crarn.org.br\/?p=67073\"> [&hellip;]<\/a><\/p>\n","protected":false},"author":26,"featured_media":67074,"comment_status":"closed","ping_status":"open","sticky":false,"template":"","format":"standard","meta":{"_price":"","_stock":"","_tribe_ticket_header":"","_tribe_default_ticket_provider":"","_tribe_ticket_capacity":"0","_ticket_start_date":"","_ticket_end_date":"","_tribe_ticket_show_description":"","_tribe_ticket_show_not_going":false,"_tribe_ticket_use_global_stock":"","_tribe_ticket_global_stock_level":"","_global_stock_mode":"","_global_stock_cap":"","_tribe_rsvp_for_event":"","_tribe_ticket_going_count":"","_tribe_ticket_not_going_count":"","_tribe_tickets_list":"[]","_tribe_ticket_has_attendee_info_fields":false,"footnotes":"","_links_to":"","_links_to_target":""},"categories":[580,310,320,399,309],"tags":[],"class_list":["post-67073","post","type-post","status-publish","format-standard","has-post-thumbnail","hentry","category-ano-2024","category-destaque-grande","category-home","category-institucional","category-ultimas-noticias","entry","has-media"],"_links":{"self":[{"href":"https:\/\/crarn.org.br\/index.php?rest_route=\/wp\/v2\/posts\/67073","targetHints":{"allow":["GET"]}}],"collection":[{"href":"https:\/\/crarn.org.br\/index.php?rest_route=\/wp\/v2\/posts"}],"about":[{"href":"https:\/\/crarn.org.br\/index.php?rest_route=\/wp\/v2\/types\/post"}],"author":[{"embeddable":true,"href":"https:\/\/crarn.org.br\/index.php?rest_route=\/wp\/v2\/users\/26"}],"replies":[{"embeddable":true,"href":"https:\/\/crarn.org.br\/index.php?rest_route=%2Fwp%2Fv2%2Fcomments&post=67073"}],"version-history":[{"count":1,"href":"https:\/\/crarn.org.br\/index.php?rest_route=\/wp\/v2\/posts\/67073\/revisions"}],"predecessor-version":[{"id":67075,"href":"https:\/\/crarn.org.br\/index.php?rest_route=\/wp\/v2\/posts\/67073\/revisions\/67075"}],"wp:featuredmedia":[{"embeddable":true,"href":"https:\/\/crarn.org.br\/index.php?rest_route=\/wp\/v2\/media\/67074"}],"wp:attachment":[{"href":"https:\/\/crarn.org.br\/index.php?rest_route=%2Fwp%2Fv2%2Fmedia&parent=67073"}],"wp:term":[{"taxonomy":"category","embeddable":true,"href":"https:\/\/crarn.org.br\/index.php?rest_route=%2Fwp%2Fv2%2Fcategories&post=67073"},{"taxonomy":"post_tag","embeddable":true,"href":"https:\/\/crarn.org.br\/index.php?rest_route=%2Fwp%2Fv2%2Ftags&post=67073"}],"curies":[{"name":"wp","href":"https:\/\/api.w.org\/{rel}","templated":true}]}}