{"id":67066,"date":"2024-09-10T16:18:53","date_gmt":"2024-09-10T19:18:53","guid":{"rendered":"https:\/\/crarn.org.br\/?p=67066"},"modified":"2024-09-10T16:18:55","modified_gmt":"2024-09-10T19:18:55","slug":"cra-rn-reune-profissionais-em-evento-comemorativo","status":"publish","type":"post","link":"https:\/\/crarn.org.br\/?p=67066","title":{"rendered":"CRA-RN re\u00fane profissionais em evento comemorativo"},"content":{"rendered":"\n<p>Nesta segunda-feira (09\/09), dia do Profissional de Administra\u00e7\u00e3o, o CRA-RN promoveu um evento comemorativo quando reuniu profissionais, convidados e funcion\u00e1rios no Restaurante Nau, em Natal.<\/p>\n<p>Na ocasi\u00e3o, a professora, Reitora da UFRN (2011 a 2019) e coordenadora do PAX, \u00c2ngela Paiva, fez uma palestra sobre \u201cDesafios da gest\u00e3o de um ecossistema de empreendedorismo e inova\u00e7\u00e3o: caso PAX | RN\u201d quando exp\u00f4s todo o processo de cria\u00e7\u00e3o e gest\u00e3o do Parque Cient\u00edfico e Tecnol\u00f3gico Augusto Severo.<\/p>\n<p>O presidente do CRA-RN, Adm. Fl\u00e1vio Em\u00edlio Cavalcanti, agradeceu a presen\u00e7a de todos e falou da sua felicidade em poder receber os profissionais, em um dia t\u00e3o importante para a Administra\u00e7\u00e3o.\u00a0 \u201cEstou muito feliz em comemorar os 59 anos da profiss\u00e3o, reunindo um grupo significativo de profissionais de Administra\u00e7\u00e3o, atuantes em diversas \u00e1reas. As comemora\u00e7\u00f5es se estender\u00e3o \u00e0s cidades de Mossor\u00f3, Caic\u00f3 e currais novos ao longo do m\u00eas\u201d, destacou.<\/p>\n<p>Ao final, foi servido um jantar aos presentes, em um ambiente agrad\u00e1vel, com a m\u00fasica de Levi Ribeiro.<\/p>\n<button class=\"simplefavorite-button\" data-postid=\"67066\" data-siteid=\"1\" data-groupid=\"1\" data-favoritecount=\"0\" style=\"\">Favorite <i class=\"sf-icon-star-empty\"><\/i><\/button>","protected":false},"excerpt":{"rendered":"<p>Nesta segunda-feira (09\/09), dia do Profissional de Administra\u00e7\u00e3o, o CRA-RN promoveu um evento comemorativo quando reuniu profissionais, convidados e funcion\u00e1rios no Restaurante Nau, em Natal. Na ocasi\u00e3o, a professora, Reitora da UFRN (2011 a 2019) e coordenadora do PAX, \u00c2ngela Paiva, fez uma palestra sobre \u201cDesafios da gest\u00e3o de um ecossistema de empreendedorismo e inova\u00e7\u00e3o:<a class=\"read-more\" href=\"https:\/\/crarn.org.br\/?p=67066\"> [&hellip;]<\/a><\/p>\n","protected":false},"author":26,"featured_media":67067,"comment_status":"closed","ping_status":"open","sticky":false,"template":"","format":"standard","meta":{"_price":"","_stock":"","_tribe_ticket_header":"","_tribe_default_ticket_provider":"","_tribe_ticket_capacity":"0","_ticket_start_date":"","_ticket_end_date":"","_tribe_ticket_show_description":"","_tribe_ticket_show_not_going":false,"_tribe_ticket_use_global_stock":"","_tribe_ticket_global_stock_level":"","_global_stock_mode":"","_global_stock_cap":"","_tribe_rsvp_for_event":"","_tribe_ticket_going_count":"","_tribe_ticket_not_going_count":"","_tribe_tickets_list":"[]","_tribe_ticket_has_attendee_info_fields":false,"footnotes":"","_links_to":"","_links_to_target":""},"categories":[580,310,320,399,309],"tags":[],"class_list":["post-67066","post","type-post","status-publish","format-standard","has-post-thumbnail","hentry","category-ano-2024","category-destaque-grande","category-home","category-institucional","category-ultimas-noticias","entry","has-media"],"_links":{"self":[{"href":"https:\/\/crarn.org.br\/index.php?rest_route=\/wp\/v2\/posts\/67066","targetHints":{"allow":["GET"]}}],"collection":[{"href":"https:\/\/crarn.org.br\/index.php?rest_route=\/wp\/v2\/posts"}],"about":[{"href":"https:\/\/crarn.org.br\/index.php?rest_route=\/wp\/v2\/types\/post"}],"author":[{"embeddable":true,"href":"https:\/\/crarn.org.br\/index.php?rest_route=\/wp\/v2\/users\/26"}],"replies":[{"embeddable":true,"href":"https:\/\/crarn.org.br\/index.php?rest_route=%2Fwp%2Fv2%2Fcomments&post=67066"}],"version-history":[{"count":1,"href":"https:\/\/crarn.org.br\/index.php?rest_route=\/wp\/v2\/posts\/67066\/revisions"}],"predecessor-version":[{"id":67068,"href":"https:\/\/crarn.org.br\/index.php?rest_route=\/wp\/v2\/posts\/67066\/revisions\/67068"}],"wp:featuredmedia":[{"embeddable":true,"href":"https:\/\/crarn.org.br\/index.php?rest_route=\/wp\/v2\/media\/67067"}],"wp:attachment":[{"href":"https:\/\/crarn.org.br\/index.php?rest_route=%2Fwp%2Fv2%2Fmedia&parent=67066"}],"wp:term":[{"taxonomy":"category","embeddable":true,"href":"https:\/\/crarn.org.br\/index.php?rest_route=%2Fwp%2Fv2%2Fcategories&post=67066"},{"taxonomy":"post_tag","embeddable":true,"href":"https:\/\/crarn.org.br\/index.php?rest_route=%2Fwp%2Fv2%2Ftags&post=67066"}],"curies":[{"name":"wp","href":"https:\/\/api.w.org\/{rel}","templated":true}]}}