{"id":67042,"date":"2024-08-30T16:08:13","date_gmt":"2024-08-30T19:08:13","guid":{"rendered":"https:\/\/crarn.org.br\/?p=67042"},"modified":"2024-08-30T16:08:15","modified_gmt":"2024-08-30T19:08:15","slug":"inteligencia-artificial-atrai-profissionais-para-o-adm-na-pratica","status":"publish","type":"post","link":"https:\/\/crarn.org.br\/?p=67042","title":{"rendered":"Intelig\u00eancia Artificial atrai profissionais para o ADM na Pr\u00e1tica"},"content":{"rendered":"\n<p>O projeto ADM na Pr\u00e1tica realizou a sua primeira oficina online, esta semana, sob o comando da professora titular do DEPAD\/UFRN e Diretora de Forma\u00e7\u00e3o Profissional do CRA-RN, Adm. Dra. Maria Val\u00e9ria Pereira de Ara\u00fajo e o Professor do PPGA\/UFRN, Dr. Max Leandro de Ara\u00fajo Brito.<\/p>\n<p>Os instrutores, destacaram que o tema \u201cCasos de Decis\u00e3o: construindo com ChatGPT\u201d, teve como objetivo a constru\u00e7\u00e3o de mini casos para serem aplicados em treinamentos e desenvolvimentos de pessoas, de forma a desenvolver compet\u00eancias nos alunos de Administra\u00e7\u00e3o.<\/p>\n<p>Esta terceira edi\u00e7\u00e3o do projeto, contou com 36 participantes e, tamb\u00e9m foi destinada a professores e coordenadores que querem aplicar em suas disciplinas, casos e mini casos para desenvolver as compet\u00eancias dos alunos, associando a teoria e a pr\u00e1tica de situa\u00e7\u00f5es que envolvem o processo decis\u00f3rio, com os alunos se colocando no lugar do gestor, em uma situa\u00e7\u00e3o de decis\u00e3o. Tamb\u00e9m pode ser aplicado no treinamento de gestores e lideran\u00e7as nas empresas.<\/p>\n<p>O presidente do CRA-RN, Adm. Fl\u00e1vio Em\u00edlio Cavalcanti, abriu a sala online e falou sobre a import\u00e2ncia do projeto ADM na Pr\u00e1tica para profissionais, alunos e, tamb\u00e9m, professores de Administra\u00e7\u00e3o precisam construir casos para ensino com o uso da intelig\u00eancia artificial, no caso o ChatGPT.<\/p>\n<p>Ao iniciarem a oficina, os instrutores apresentaram conceitos que foram selecionados j\u00e1 com o uso da intelig\u00eancia artificial.<\/p>\n<p>Ap\u00f3s a discuss\u00e3o te\u00f3rica, foi apresentado o ChatGPT, seus comandos e funcionalidade, para que os alunos constru\u00edssem casos, utilizando a ferramenta, seguido por um momento de reflex\u00e3o sobre como a intelig\u00eancia artificial pode auxiliar tanto profissionais no desenvolvimento de treinamentos, como professores, aplicando em suas disciplinas de uma forma mais pr\u00e1tica, em sala de aula.<\/p>\n<p>Na segunda parte da oficina, os alunos foram divididos em grupos, para criarem um problema e encaminharem um comando para cria\u00e7\u00e3o de um mini caso, com perguntas relacionadas a este problema de decis\u00e3o, na \u00e1rea da administra\u00e7\u00e3o.<\/p>\n<p>Ao final, cada grupo, apresentou seu mini caso e as respostas que seriam utilizadas em cada situa\u00e7\u00e3o.<\/p>\n<p>Ap\u00f3s o t\u00e9rmino, os instrutores aplicaram uma avalia\u00e7\u00e3o entre os participantes e, de acordo com a professora Val\u00e9ria, os feedbacks foram altamente positivos. \u201cEles ficaram surpresos, nem imaginavam que o ChatGPT poderia colaborar na constru\u00e7\u00e3o de casos e, alertaram sobre a necessidade de um tempo maior para trabalharem na constru\u00e7\u00e3o dos mini casos\u201d, informou.<\/p>\n<p>A boa aceita\u00e7\u00e3o por parte dos alunos p\u00f4de ser comprovada atrav\u00e9s dos coment\u00e1rios no chat da plataforma pela qual foi transmitida a oficina.<\/p>\n<p>Para La\u00eds Nascimento, a oficina foi extremamente produtiva. \u201cO aprendizado sobre fazer o melhor uso e aplica\u00e7\u00e3o do chat no nosso dia a dia, de maneira correta e com uma base de conhecimento j\u00e1 adquirida, gera bons resultados. Com todas as dicas e refinamentos expostos, temos diversas possibilidades a explorar\u201d, afirmou.<\/p>\n<p>Mariene Albuquerque, tamb\u00e9m despertou para as in\u00fameras possibilidades que o uso do ChatGPT oferece na cria\u00e7\u00e3o de casos. \u201cFoi muito bom! Parab\u00e9ns e obrigada pela partilha de conhecimento!\u201d, comemorou.<\/p>\n<button class=\"simplefavorite-button\" data-postid=\"67042\" data-siteid=\"1\" data-groupid=\"1\" data-favoritecount=\"0\" style=\"\">Favorite <i class=\"sf-icon-star-empty\"><\/i><\/button>","protected":false},"excerpt":{"rendered":"<p>O projeto ADM na Pr\u00e1tica realizou a sua primeira oficina online, esta semana, sob o comando da professora titular do DEPAD\/UFRN e Diretora de Forma\u00e7\u00e3o Profissional do CRA-RN, Adm. Dra. Maria Val\u00e9ria Pereira de Ara\u00fajo e o Professor do PPGA\/UFRN, Dr. Max Leandro de Ara\u00fajo Brito. Os instrutores, destacaram que o tema \u201cCasos de Decis\u00e3o:<a class=\"read-more\" href=\"https:\/\/crarn.org.br\/?p=67042\"> [&hellip;]<\/a><\/p>\n","protected":false},"author":26,"featured_media":67043,"comment_status":"closed","ping_status":"open","sticky":false,"template":"","format":"standard","meta":{"_price":"","_stock":"","_tribe_ticket_header":"","_tribe_default_ticket_provider":"","_tribe_ticket_capacity":"0","_ticket_start_date":"","_ticket_end_date":"","_tribe_ticket_show_description":"","_tribe_ticket_show_not_going":false,"_tribe_ticket_use_global_stock":"","_tribe_ticket_global_stock_level":"","_global_stock_mode":"","_global_stock_cap":"","_tribe_rsvp_for_event":"","_tribe_ticket_going_count":"","_tribe_ticket_not_going_count":"","_tribe_tickets_list":"[]","_tribe_ticket_has_attendee_info_fields":false,"footnotes":"","_links_to":"","_links_to_target":""},"categories":[580,310,320,399,309],"tags":[],"class_list":["post-67042","post","type-post","status-publish","format-standard","has-post-thumbnail","hentry","category-ano-2024","category-destaque-grande","category-home","category-institucional","category-ultimas-noticias","entry","has-media"],"_links":{"self":[{"href":"https:\/\/crarn.org.br\/index.php?rest_route=\/wp\/v2\/posts\/67042","targetHints":{"allow":["GET"]}}],"collection":[{"href":"https:\/\/crarn.org.br\/index.php?rest_route=\/wp\/v2\/posts"}],"about":[{"href":"https:\/\/crarn.org.br\/index.php?rest_route=\/wp\/v2\/types\/post"}],"author":[{"embeddable":true,"href":"https:\/\/crarn.org.br\/index.php?rest_route=\/wp\/v2\/users\/26"}],"replies":[{"embeddable":true,"href":"https:\/\/crarn.org.br\/index.php?rest_route=%2Fwp%2Fv2%2Fcomments&post=67042"}],"version-history":[{"count":1,"href":"https:\/\/crarn.org.br\/index.php?rest_route=\/wp\/v2\/posts\/67042\/revisions"}],"predecessor-version":[{"id":67044,"href":"https:\/\/crarn.org.br\/index.php?rest_route=\/wp\/v2\/posts\/67042\/revisions\/67044"}],"wp:featuredmedia":[{"embeddable":true,"href":"https:\/\/crarn.org.br\/index.php?rest_route=\/wp\/v2\/media\/67043"}],"wp:attachment":[{"href":"https:\/\/crarn.org.br\/index.php?rest_route=%2Fwp%2Fv2%2Fmedia&parent=67042"}],"wp:term":[{"taxonomy":"category","embeddable":true,"href":"https:\/\/crarn.org.br\/index.php?rest_route=%2Fwp%2Fv2%2Fcategories&post=67042"},{"taxonomy":"post_tag","embeddable":true,"href":"https:\/\/crarn.org.br\/index.php?rest_route=%2Fwp%2Fv2%2Ftags&post=67042"}],"curies":[{"name":"wp","href":"https:\/\/api.w.org\/{rel}","templated":true}]}}