{"id":67039,"date":"2024-08-29T16:40:42","date_gmt":"2024-08-29T19:40:42","guid":{"rendered":"https:\/\/crarn.org.br\/?p=67039"},"modified":"2024-08-29T16:40:44","modified_gmt":"2024-08-29T19:40:44","slug":"cra-rn-promove-curso-de-responsabilidade-tecnica","status":"publish","type":"post","link":"https:\/\/crarn.org.br\/?p=67039","title":{"rendered":"CRA-RN promove Curso de Responsabilidade T\u00e9cnica"},"content":{"rendered":"\n<p>Dentro das comemora\u00e7\u00f5es do m\u00eas do profissional de Administra\u00e7\u00e3o, o CRA-RN promove uma nova edi\u00e7\u00e3o do Curso de Responsabilidade T\u00e9cnica.<\/p>\n<p>O curso, ser\u00e1 gratuito para os profissionais registrados no conselho.<\/p>\n<p>Os interessados devem se inscrever pelo link\u00a0 <a href=\"https:\/\/bit.ly\/CursodeRT-CRA-RN.\">https:\/\/bit.ly\/CursodeRT-CRA-RN.<\/a><\/p>\n<p>Aproveite a oportunidade e abra uma nova perspectiva de trabalho!<\/p>\n<p>\u00a0<\/p>\n<p>Curso de Responsabilidade T\u00e9cnica<\/p>\n<p>Datas: 24 e 25\/09\/2024<\/p>\n<p>Hor\u00e1rio: 18h30 \u00e0s 21h30<\/p>\n<p>Local: Audit\u00f3rio do CRA-RN em Natal<\/p>\n<button class=\"simplefavorite-button\" data-postid=\"67039\" data-siteid=\"1\" data-groupid=\"1\" data-favoritecount=\"0\" style=\"\">Favorite <i class=\"sf-icon-star-empty\"><\/i><\/button>","protected":false},"excerpt":{"rendered":"<p>Dentro das comemora\u00e7\u00f5es do m\u00eas do profissional de Administra\u00e7\u00e3o, o CRA-RN promove uma nova edi\u00e7\u00e3o do Curso de Responsabilidade T\u00e9cnica. O curso, ser\u00e1 gratuito para os profissionais registrados no conselho. Os interessados devem se inscrever pelo link\u00a0 https:\/\/bit.ly\/CursodeRT-CRA-RN. Aproveite a oportunidade e abra uma nova perspectiva de trabalho! \u00a0 Curso de Responsabilidade T\u00e9cnica Datas: 24<a class=\"read-more\" href=\"https:\/\/crarn.org.br\/?p=67039\"> [&hellip;]<\/a><\/p>\n","protected":false},"author":26,"featured_media":67040,"comment_status":"closed","ping_status":"open","sticky":false,"template":"","format":"standard","meta":{"_price":"","_stock":"","_tribe_ticket_header":"","_tribe_default_ticket_provider":"","_tribe_ticket_capacity":"0","_ticket_start_date":"","_ticket_end_date":"","_tribe_ticket_show_description":"","_tribe_ticket_show_not_going":false,"_tribe_ticket_use_global_stock":"","_tribe_ticket_global_stock_level":"","_global_stock_mode":"","_global_stock_cap":"","_tribe_rsvp_for_event":"","_tribe_ticket_going_count":"","_tribe_ticket_not_going_count":"","_tribe_tickets_list":"[]","_tribe_ticket_has_attendee_info_fields":false,"footnotes":"","_links_to":"","_links_to_target":""},"categories":[580,310,320,399,309],"tags":[],"class_list":["post-67039","post","type-post","status-publish","format-standard","has-post-thumbnail","hentry","category-ano-2024","category-destaque-grande","category-home","category-institucional","category-ultimas-noticias","entry","has-media"],"_links":{"self":[{"href":"https:\/\/crarn.org.br\/index.php?rest_route=\/wp\/v2\/posts\/67039","targetHints":{"allow":["GET"]}}],"collection":[{"href":"https:\/\/crarn.org.br\/index.php?rest_route=\/wp\/v2\/posts"}],"about":[{"href":"https:\/\/crarn.org.br\/index.php?rest_route=\/wp\/v2\/types\/post"}],"author":[{"embeddable":true,"href":"https:\/\/crarn.org.br\/index.php?rest_route=\/wp\/v2\/users\/26"}],"replies":[{"embeddable":true,"href":"https:\/\/crarn.org.br\/index.php?rest_route=%2Fwp%2Fv2%2Fcomments&post=67039"}],"version-history":[{"count":1,"href":"https:\/\/crarn.org.br\/index.php?rest_route=\/wp\/v2\/posts\/67039\/revisions"}],"predecessor-version":[{"id":67041,"href":"https:\/\/crarn.org.br\/index.php?rest_route=\/wp\/v2\/posts\/67039\/revisions\/67041"}],"wp:featuredmedia":[{"embeddable":true,"href":"https:\/\/crarn.org.br\/index.php?rest_route=\/wp\/v2\/media\/67040"}],"wp:attachment":[{"href":"https:\/\/crarn.org.br\/index.php?rest_route=%2Fwp%2Fv2%2Fmedia&parent=67039"}],"wp:term":[{"taxonomy":"category","embeddable":true,"href":"https:\/\/crarn.org.br\/index.php?rest_route=%2Fwp%2Fv2%2Fcategories&post=67039"},{"taxonomy":"post_tag","embeddable":true,"href":"https:\/\/crarn.org.br\/index.php?rest_route=%2Fwp%2Fv2%2Ftags&post=67039"}],"curies":[{"name":"wp","href":"https:\/\/api.w.org\/{rel}","templated":true}]}}