{"id":67034,"date":"2024-08-26T15:35:56","date_gmt":"2024-08-26T18:35:56","guid":{"rendered":"https:\/\/crarn.org.br\/?p=67034"},"modified":"2024-08-26T15:40:15","modified_gmt":"2024-08-26T18:40:15","slug":"fiscalizacao-do-cra-rn-conclui-acoes-na-regiao-central","status":"publish","type":"post","link":"https:\/\/crarn.org.br\/?p=67034","title":{"rendered":"Fiscaliza\u00e7\u00e3o do CRA-RN conclui a\u00e7\u00f5es na regi\u00e3o Central"},"content":{"rendered":"\n<p>Concluindo as a\u00e7\u00f5es de fiscaliza\u00e7\u00e3o junto \u00e0s prefeituras municipais da regi\u00e3o Central Potiguar, a equipe do CRA-RN, visitou os munic\u00edpios de Lajes, Angicos, Afonso Bezerra, Pedro Avelino e Macau.<\/p>\n<p>O trabalho da coordenadora de fiscaliza\u00e7\u00e3o, Adm. Tatiana Costa Pinto e do fiscal, Adm. F\u00e1bio Maia junto os gestores, tem o objetivo de monitorar a habilita\u00e7\u00e3o t\u00e9cnica de todas as empresas contratadas pela gest\u00e3o municipal, que desenvolvam atividades em \u00e1rea da Administra\u00e7\u00e3o, prevista em lei.<\/p>\n<p>Al\u00e9m deste monitoramento, o CRA-RN tamb\u00e9m acompanha a composi\u00e7\u00e3o dos cargos comissionados nas prefeituras e estimula a realiza\u00e7\u00e3o de concursos que contenham vagas de n\u00edvel superior para os profissionais de Administra\u00e7\u00e3o.<\/p>\n<p>A coordenadora, Tatiana, informa que a pr\u00f3xima regi\u00e3o a ser fiscalizada ser\u00e1 a Oeste Potiguar, com visitas programadas aos seus 11 munic\u00edpios.\u201dA nossa expectativa \u00e9 que a cada ano, novos munic\u00edpios percebam a import\u00e2ncia de possuir em seus quadros efetivos, profissionais qualificados para atender \u00e0s demandas e desafios que envolvem a gest\u00e3o municipal, promovendo melhoria cont\u00ednua da administra\u00e7\u00e3o p\u00fablica e privada, beneficiando diretamente a comunidade e a profiss\u00e3o como um todo\u201d, explicou.<\/p>\n<p>\u00a0<\/p>\n<button class=\"simplefavorite-button\" data-postid=\"67034\" data-siteid=\"1\" data-groupid=\"1\" data-favoritecount=\"0\" style=\"\">Favorite <i class=\"sf-icon-star-empty\"><\/i><\/button>","protected":false},"excerpt":{"rendered":"<p>Concluindo as a\u00e7\u00f5es de fiscaliza\u00e7\u00e3o junto \u00e0s prefeituras municipais da regi\u00e3o Central Potiguar, a equipe do CRA-RN, visitou os munic\u00edpios de Lajes, Angicos, Afonso Bezerra, Pedro Avelino e Macau. O trabalho da coordenadora de fiscaliza\u00e7\u00e3o, Adm. Tatiana Costa Pinto e do fiscal, Adm. F\u00e1bio Maia junto os gestores, tem o objetivo de monitorar a habilita\u00e7\u00e3o<a class=\"read-more\" href=\"https:\/\/crarn.org.br\/?p=67034\"> [&hellip;]<\/a><\/p>\n","protected":false},"author":26,"featured_media":67035,"comment_status":"closed","ping_status":"open","sticky":false,"template":"","format":"standard","meta":{"_price":"","_stock":"","_tribe_ticket_header":"","_tribe_default_ticket_provider":"","_tribe_ticket_capacity":"0","_ticket_start_date":"","_ticket_end_date":"","_tribe_ticket_show_description":"","_tribe_ticket_show_not_going":false,"_tribe_ticket_use_global_stock":"","_tribe_ticket_global_stock_level":"","_global_stock_mode":"","_global_stock_cap":"","_tribe_rsvp_for_event":"","_tribe_ticket_going_count":"","_tribe_ticket_not_going_count":"","_tribe_tickets_list":"[]","_tribe_ticket_has_attendee_info_fields":false,"footnotes":"","_links_to":"","_links_to_target":""},"categories":[580,310,320,399,309],"tags":[],"class_list":["post-67034","post","type-post","status-publish","format-standard","has-post-thumbnail","hentry","category-ano-2024","category-destaque-grande","category-home","category-institucional","category-ultimas-noticias","entry","has-media"],"_links":{"self":[{"href":"https:\/\/crarn.org.br\/index.php?rest_route=\/wp\/v2\/posts\/67034","targetHints":{"allow":["GET"]}}],"collection":[{"href":"https:\/\/crarn.org.br\/index.php?rest_route=\/wp\/v2\/posts"}],"about":[{"href":"https:\/\/crarn.org.br\/index.php?rest_route=\/wp\/v2\/types\/post"}],"author":[{"embeddable":true,"href":"https:\/\/crarn.org.br\/index.php?rest_route=\/wp\/v2\/users\/26"}],"replies":[{"embeddable":true,"href":"https:\/\/crarn.org.br\/index.php?rest_route=%2Fwp%2Fv2%2Fcomments&post=67034"}],"version-history":[{"count":2,"href":"https:\/\/crarn.org.br\/index.php?rest_route=\/wp\/v2\/posts\/67034\/revisions"}],"predecessor-version":[{"id":67037,"href":"https:\/\/crarn.org.br\/index.php?rest_route=\/wp\/v2\/posts\/67034\/revisions\/67037"}],"wp:featuredmedia":[{"embeddable":true,"href":"https:\/\/crarn.org.br\/index.php?rest_route=\/wp\/v2\/media\/67035"}],"wp:attachment":[{"href":"https:\/\/crarn.org.br\/index.php?rest_route=%2Fwp%2Fv2%2Fmedia&parent=67034"}],"wp:term":[{"taxonomy":"category","embeddable":true,"href":"https:\/\/crarn.org.br\/index.php?rest_route=%2Fwp%2Fv2%2Fcategories&post=67034"},{"taxonomy":"post_tag","embeddable":true,"href":"https:\/\/crarn.org.br\/index.php?rest_route=%2Fwp%2Fv2%2Ftags&post=67034"}],"curies":[{"name":"wp","href":"https:\/\/api.w.org\/{rel}","templated":true}]}}