{"id":67030,"date":"2024-08-20T14:17:32","date_gmt":"2024-08-20T17:17:32","guid":{"rendered":"https:\/\/crarn.org.br\/?p=67030"},"modified":"2024-08-20T14:17:34","modified_gmt":"2024-08-20T17:17:34","slug":"cra-rn-se-reune-com-o-natal-convention-bureau","status":"publish","type":"post","link":"https:\/\/crarn.org.br\/?p=67030","title":{"rendered":"CRA-RN se re\u00fane com o Natal Convention Bureau"},"content":{"rendered":"\n<p>O presidente do CRA-RN, Adm. Fl\u00e1vio Em\u00edlio Cavalcanti e a diretora Administrativa Financeira, Adm. C\u00e9lia Ribeiro receberam a gerente executiva do Natal Convention Bureau &#8211; NCB, Kalliny Gomes.<\/p>\n<p>A reuni\u00e3o teve como objetivo a troca de informa\u00e7\u00f5es visando a prospec\u00e7\u00e3o de eventos t\u00e9cnico-cient\u00edficos da \u00e1rea de Administra\u00e7\u00e3o para Natal.<\/p>\n<p>Durante a reuni\u00e3o, os representantes do CRA-RN expuseram para a gerente do NCB os eventos nacionais realizados pelo CFA, em conjunto com os regionais e demais promotores, tais como o FIA &#8211; F\u00f3rum Internacional de Administra\u00e7\u00e3o, CONAD &#8211; Congresso Nacional de Administra\u00e7\u00e3o etc, e passaram os contatos dos profissionais do Sistema CFA\/CRAs que est\u00e3o \u00e0 frente das comiss\u00f5es promotoras dos eventos.<\/p>\n<p>O Natal Convention Bureau \u00e9 uma entidade sem fins lucrativos, mantida por empresas privadas associadas, ligadas ao setor do turismo de eventos e tem a fun\u00e7\u00e3o de promover o turismo de neg\u00f3cios e eventos, para atrair novas oportunidades para os associados.<\/p>\n<p>\u00a0<\/p>\n<p>\u00a0<\/p>\n<button class=\"simplefavorite-button\" data-postid=\"67030\" data-siteid=\"1\" data-groupid=\"1\" data-favoritecount=\"0\" style=\"\">Favorite <i class=\"sf-icon-star-empty\"><\/i><\/button>","protected":false},"excerpt":{"rendered":"<p>O presidente do CRA-RN, Adm. Fl\u00e1vio Em\u00edlio Cavalcanti e a diretora Administrativa Financeira, Adm. C\u00e9lia Ribeiro receberam a gerente executiva do Natal Convention Bureau &#8211; NCB, Kalliny Gomes. A reuni\u00e3o teve como objetivo a troca de informa\u00e7\u00f5es visando a prospec\u00e7\u00e3o de eventos t\u00e9cnico-cient\u00edficos da \u00e1rea de Administra\u00e7\u00e3o para Natal. Durante a reuni\u00e3o, os representantes do<a class=\"read-more\" href=\"https:\/\/crarn.org.br\/?p=67030\"> [&hellip;]<\/a><\/p>\n","protected":false},"author":26,"featured_media":67031,"comment_status":"closed","ping_status":"open","sticky":false,"template":"","format":"standard","meta":{"_price":"","_stock":"","_tribe_ticket_header":"","_tribe_default_ticket_provider":"","_tribe_ticket_capacity":"0","_ticket_start_date":"","_ticket_end_date":"","_tribe_ticket_show_description":"","_tribe_ticket_show_not_going":false,"_tribe_ticket_use_global_stock":"","_tribe_ticket_global_stock_level":"","_global_stock_mode":"","_global_stock_cap":"","_tribe_rsvp_for_event":"","_tribe_ticket_going_count":"","_tribe_ticket_not_going_count":"","_tribe_tickets_list":"[]","_tribe_ticket_has_attendee_info_fields":false,"footnotes":"","_links_to":"","_links_to_target":""},"categories":[580,310,320,399,309],"tags":[],"class_list":["post-67030","post","type-post","status-publish","format-standard","has-post-thumbnail","hentry","category-ano-2024","category-destaque-grande","category-home","category-institucional","category-ultimas-noticias","entry","has-media"],"_links":{"self":[{"href":"https:\/\/crarn.org.br\/index.php?rest_route=\/wp\/v2\/posts\/67030","targetHints":{"allow":["GET"]}}],"collection":[{"href":"https:\/\/crarn.org.br\/index.php?rest_route=\/wp\/v2\/posts"}],"about":[{"href":"https:\/\/crarn.org.br\/index.php?rest_route=\/wp\/v2\/types\/post"}],"author":[{"embeddable":true,"href":"https:\/\/crarn.org.br\/index.php?rest_route=\/wp\/v2\/users\/26"}],"replies":[{"embeddable":true,"href":"https:\/\/crarn.org.br\/index.php?rest_route=%2Fwp%2Fv2%2Fcomments&post=67030"}],"version-history":[{"count":1,"href":"https:\/\/crarn.org.br\/index.php?rest_route=\/wp\/v2\/posts\/67030\/revisions"}],"predecessor-version":[{"id":67032,"href":"https:\/\/crarn.org.br\/index.php?rest_route=\/wp\/v2\/posts\/67030\/revisions\/67032"}],"wp:featuredmedia":[{"embeddable":true,"href":"https:\/\/crarn.org.br\/index.php?rest_route=\/wp\/v2\/media\/67031"}],"wp:attachment":[{"href":"https:\/\/crarn.org.br\/index.php?rest_route=%2Fwp%2Fv2%2Fmedia&parent=67030"}],"wp:term":[{"taxonomy":"category","embeddable":true,"href":"https:\/\/crarn.org.br\/index.php?rest_route=%2Fwp%2Fv2%2Fcategories&post=67030"},{"taxonomy":"post_tag","embeddable":true,"href":"https:\/\/crarn.org.br\/index.php?rest_route=%2Fwp%2Fv2%2Ftags&post=67030"}],"curies":[{"name":"wp","href":"https:\/\/api.w.org\/{rel}","templated":true}]}}