{"id":67020,"date":"2024-08-14T11:34:51","date_gmt":"2024-08-14T14:34:51","guid":{"rendered":"https:\/\/crarn.org.br\/?p=67020"},"modified":"2024-08-14T11:34:53","modified_gmt":"2024-08-14T14:34:53","slug":"cra-rn-reune-plenario","status":"publish","type":"post","link":"https:\/\/crarn.org.br\/?p=67020","title":{"rendered":"CRA-RN re\u00fane plen\u00e1rio"},"content":{"rendered":"\n<p>Os conselheiros do CRA-RN estiveram reunidos, nesta quarta-feira (14\/08), para tratar dos temas relativos \u00e0 administra\u00e7\u00e3o, aos profissionais registrados e \u00e0 gest\u00e3o do Conselho.<\/p>\n<p>O presidente, Adm. Fl\u00e1vio Em\u00edlio, ao abrir a reuni\u00e3o, falou sobre a premia\u00e7\u00e3o da Olimp\u00edada Brasileira de Administra\u00e7\u00e3o, promovida pelo CRA-RJ e a representa\u00e7\u00e3o da subseccional de Mossor\u00f3.<\/p>\n<p>Al\u00e9m destes assuntos, a pauta da plen\u00e1ria incluiu o PRODER 2024; D\u00edvida Ativa; Execu\u00e7\u00e3o Fiscal; Reformula\u00e7\u00e3o Or\u00e7ament\u00e1ria: eventos comemorativos pelo dia do Administrador; elei\u00e7\u00f5es 2024; a\u00e7\u00f5es da fiscaliza\u00e7\u00e3o nos munic\u00edpios; cancelamentos e licen\u00e7as de registros; curso de Responsabilidade T\u00e9cnica e projeto ADM na Pr\u00e1tica, al\u00e9m dos informes administrativos e financeiros, como aprova\u00e7\u00e3o de balancetes e receita x despesa.<\/p>\n<p>Participaram da reuni\u00e3o, al\u00e9m do presidente, o vice-presidente, Adm. Cl\u00e1udio Henrique Bessa; o conselheiro federal, Adam. J\u00falio Rezende; a diretora de Fiscaliza\u00e7\u00e3o e Registro, Adm. Kate Maciel; a diretora Administrativa e Financeira, Adm. C\u00e9lia Ribeiro; a diretora de Forma\u00e7\u00e3o Profissional, Adm. Val\u00e9ria Ara\u00fajo e os conselheiros Adm. Alice Dantas, Adm. Maria das Neves Mariz Maia, Adm. Leonardo Lima e Adm. L\u00edgia Rebou\u00e7as \u2013 que marcou presen\u00e7a de forma remota.<\/p>\n<p>\u00a0<\/p>\n<p>\u00a0<\/p>\n<p>\u00a0<\/p>\n<button class=\"simplefavorite-button\" data-postid=\"67020\" data-siteid=\"1\" data-groupid=\"1\" data-favoritecount=\"0\" style=\"\">Favorite <i class=\"sf-icon-star-empty\"><\/i><\/button>","protected":false},"excerpt":{"rendered":"<p>Os conselheiros do CRA-RN estiveram reunidos, nesta quarta-feira (14\/08), para tratar dos temas relativos \u00e0 administra\u00e7\u00e3o, aos profissionais registrados e \u00e0 gest\u00e3o do Conselho. O presidente, Adm. Fl\u00e1vio Em\u00edlio, ao abrir a reuni\u00e3o, falou sobre a premia\u00e7\u00e3o da Olimp\u00edada Brasileira de Administra\u00e7\u00e3o, promovida pelo CRA-RJ e a representa\u00e7\u00e3o da subseccional de Mossor\u00f3. Al\u00e9m destes assuntos,<a class=\"read-more\" href=\"https:\/\/crarn.org.br\/?p=67020\"> [&hellip;]<\/a><\/p>\n","protected":false},"author":26,"featured_media":67021,"comment_status":"closed","ping_status":"open","sticky":false,"template":"","format":"standard","meta":{"_price":"","_stock":"","_tribe_ticket_header":"","_tribe_default_ticket_provider":"","_tribe_ticket_capacity":"0","_ticket_start_date":"","_ticket_end_date":"","_tribe_ticket_show_description":"","_tribe_ticket_show_not_going":false,"_tribe_ticket_use_global_stock":"","_tribe_ticket_global_stock_level":"","_global_stock_mode":"","_global_stock_cap":"","_tribe_rsvp_for_event":"","_tribe_ticket_going_count":"","_tribe_ticket_not_going_count":"","_tribe_tickets_list":"[]","_tribe_ticket_has_attendee_info_fields":false,"footnotes":"","_links_to":"","_links_to_target":""},"categories":[580,310,320,399,309],"tags":[],"class_list":["post-67020","post","type-post","status-publish","format-standard","has-post-thumbnail","hentry","category-ano-2024","category-destaque-grande","category-home","category-institucional","category-ultimas-noticias","entry","has-media"],"_links":{"self":[{"href":"https:\/\/crarn.org.br\/index.php?rest_route=\/wp\/v2\/posts\/67020","targetHints":{"allow":["GET"]}}],"collection":[{"href":"https:\/\/crarn.org.br\/index.php?rest_route=\/wp\/v2\/posts"}],"about":[{"href":"https:\/\/crarn.org.br\/index.php?rest_route=\/wp\/v2\/types\/post"}],"author":[{"embeddable":true,"href":"https:\/\/crarn.org.br\/index.php?rest_route=\/wp\/v2\/users\/26"}],"replies":[{"embeddable":true,"href":"https:\/\/crarn.org.br\/index.php?rest_route=%2Fwp%2Fv2%2Fcomments&post=67020"}],"version-history":[{"count":1,"href":"https:\/\/crarn.org.br\/index.php?rest_route=\/wp\/v2\/posts\/67020\/revisions"}],"predecessor-version":[{"id":67022,"href":"https:\/\/crarn.org.br\/index.php?rest_route=\/wp\/v2\/posts\/67020\/revisions\/67022"}],"wp:featuredmedia":[{"embeddable":true,"href":"https:\/\/crarn.org.br\/index.php?rest_route=\/wp\/v2\/media\/67021"}],"wp:attachment":[{"href":"https:\/\/crarn.org.br\/index.php?rest_route=%2Fwp%2Fv2%2Fmedia&parent=67020"}],"wp:term":[{"taxonomy":"category","embeddable":true,"href":"https:\/\/crarn.org.br\/index.php?rest_route=%2Fwp%2Fv2%2Fcategories&post=67020"},{"taxonomy":"post_tag","embeddable":true,"href":"https:\/\/crarn.org.br\/index.php?rest_route=%2Fwp%2Fv2%2Ftags&post=67020"}],"curies":[{"name":"wp","href":"https:\/\/api.w.org\/{rel}","templated":true}]}}