{"id":67015,"date":"2024-08-14T09:02:36","date_gmt":"2024-08-14T12:02:36","guid":{"rendered":"https:\/\/crarn.org.br\/?p=67015"},"modified":"2024-08-14T09:02:38","modified_gmt":"2024-08-14T12:02:38","slug":"inscricoes-para-o-premio-cfa-belmiro-siqueira-de-administracao-foram-prorrogadas","status":"publish","type":"post","link":"https:\/\/crarn.org.br\/?p=67015","title":{"rendered":"Inscri\u00e7\u00f5es para o Pr\u00eamio CFA Belmiro Siqueira de Administra\u00e7\u00e3o foram prorrogadas"},"content":{"rendered":"\n<p>O prazo das inscri\u00e7\u00f5es para o Pr\u00eamio CFA Belmiro Siqueira de Administra\u00e7\u00e3o foi prorrogado. Agora os participantes t\u00eam at\u00e9 o dia 30 de setembro para registrar os trabalhos.<\/p>\n<p>O tema, \u201cPerfil dos Profissionais de Administra\u00e7\u00e3o 2023\u201d, deve tratar da pesquisa feita pelo Conselho Federal de Administra\u00e7\u00e3o e a premia\u00e7\u00e3o contempla tr\u00eas categorias: artigo acad\u00eamico; artigo profissional e modalidade \u201clivro\u201d.<\/p>\n<p>Nesta edi\u00e7\u00e3o, o pr\u00eamio total atinge R$ 50 mil distribu\u00eddos entre os ganhadores, al\u00e9m da entrega de trof\u00e9us, para os primeiros lugares, e certificados para os segundos e terceiros lugares.<\/p>\n<p>Categorias<\/p>\n<p>Na categoria de artigos acad\u00eamicos, os inscritos devem ser estudantes de Administra\u00e7\u00e3o, bacharelado ou cursos superiores relacionados \u00e0 \u00e1rea \u2013 desde que sejam considerados nas Resolu\u00e7\u00f5es Normativas do CFA.<\/p>\n<p>A inscri\u00e7\u00e3o dos artigos profissionais \u00e9 destinada aos administradores, tecn\u00f3logos e graduados em \u00e1reas relacionadas \u00e0 Administra\u00e7\u00e3o.<\/p>\n<p>A modalidade \u201clivro\u201d est\u00e1 restrita aos mestres\/doutores em Administra\u00e7\u00e3o, gestores , tecn\u00f3logos e administradores.<\/p>\n<p>Aproveite a prorroga\u00e7\u00e3o e n\u00e3o perca! Fa\u00e7a sua inscri\u00e7\u00e3o atrav\u00e9s do <a href=\"link: https:\/\/belmiro.cfa.org.br\/\">link: https:\/\/belmiro.cfa.org.br\/<\/a>.<\/p>\n<p>\u00a0<\/p>\n<p>\u00a0<\/p>\n<p>*Com informa\u00e7\u00f5es da Assessoria de Comunica\u00e7\u00e3o CFA<\/p>\n<button class=\"simplefavorite-button\" data-postid=\"67015\" data-siteid=\"1\" data-groupid=\"1\" data-favoritecount=\"0\" style=\"\">Favorite <i class=\"sf-icon-star-empty\"><\/i><\/button>","protected":false},"excerpt":{"rendered":"<p>O prazo das inscri\u00e7\u00f5es para o Pr\u00eamio CFA Belmiro Siqueira de Administra\u00e7\u00e3o foi prorrogado. Agora os participantes t\u00eam at\u00e9 o dia 30 de setembro para registrar os trabalhos. O tema, \u201cPerfil dos Profissionais de Administra\u00e7\u00e3o 2023\u201d, deve tratar da pesquisa feita pelo Conselho Federal de Administra\u00e7\u00e3o e a premia\u00e7\u00e3o contempla tr\u00eas categorias: artigo acad\u00eamico; artigo<a class=\"read-more\" href=\"https:\/\/crarn.org.br\/?p=67015\"> [&hellip;]<\/a><\/p>\n","protected":false},"author":26,"featured_media":67016,"comment_status":"closed","ping_status":"open","sticky":false,"template":"","format":"standard","meta":{"_price":"","_stock":"","_tribe_ticket_header":"","_tribe_default_ticket_provider":"","_tribe_ticket_capacity":"0","_ticket_start_date":"","_ticket_end_date":"","_tribe_ticket_show_description":"","_tribe_ticket_show_not_going":false,"_tribe_ticket_use_global_stock":"","_tribe_ticket_global_stock_level":"","_global_stock_mode":"","_global_stock_cap":"","_tribe_rsvp_for_event":"","_tribe_ticket_going_count":"","_tribe_ticket_not_going_count":"","_tribe_tickets_list":"[]","_tribe_ticket_has_attendee_info_fields":false,"footnotes":"","_links_to":"","_links_to_target":""},"categories":[580,312,320,399,309],"tags":[],"class_list":["post-67015","post","type-post","status-publish","format-standard","has-post-thumbnail","hentry","category-ano-2024","category-destaque-pequeno-inferior","category-home","category-institucional","category-ultimas-noticias","entry","has-media"],"_links":{"self":[{"href":"https:\/\/crarn.org.br\/index.php?rest_route=\/wp\/v2\/posts\/67015","targetHints":{"allow":["GET"]}}],"collection":[{"href":"https:\/\/crarn.org.br\/index.php?rest_route=\/wp\/v2\/posts"}],"about":[{"href":"https:\/\/crarn.org.br\/index.php?rest_route=\/wp\/v2\/types\/post"}],"author":[{"embeddable":true,"href":"https:\/\/crarn.org.br\/index.php?rest_route=\/wp\/v2\/users\/26"}],"replies":[{"embeddable":true,"href":"https:\/\/crarn.org.br\/index.php?rest_route=%2Fwp%2Fv2%2Fcomments&post=67015"}],"version-history":[{"count":2,"href":"https:\/\/crarn.org.br\/index.php?rest_route=\/wp\/v2\/posts\/67015\/revisions"}],"predecessor-version":[{"id":67018,"href":"https:\/\/crarn.org.br\/index.php?rest_route=\/wp\/v2\/posts\/67015\/revisions\/67018"}],"wp:featuredmedia":[{"embeddable":true,"href":"https:\/\/crarn.org.br\/index.php?rest_route=\/wp\/v2\/media\/67016"}],"wp:attachment":[{"href":"https:\/\/crarn.org.br\/index.php?rest_route=%2Fwp%2Fv2%2Fmedia&parent=67015"}],"wp:term":[{"taxonomy":"category","embeddable":true,"href":"https:\/\/crarn.org.br\/index.php?rest_route=%2Fwp%2Fv2%2Fcategories&post=67015"},{"taxonomy":"post_tag","embeddable":true,"href":"https:\/\/crarn.org.br\/index.php?rest_route=%2Fwp%2Fv2%2Ftags&post=67015"}],"curies":[{"name":"wp","href":"https:\/\/api.w.org\/{rel}","templated":true}]}}