{"id":67010,"date":"2024-08-13T12:59:06","date_gmt":"2024-08-13T15:59:06","guid":{"rendered":"https:\/\/crarn.org.br\/?p=67010"},"modified":"2024-08-13T13:46:48","modified_gmt":"2024-08-13T16:46:48","slug":"fiscalizacao-do-cra-rn-atua-na-regiao-central-potiguar","status":"publish","type":"post","link":"https:\/\/crarn.org.br\/?p=67010","title":{"rendered":"Fiscaliza\u00e7\u00e3o do CRA-RN atua na regi\u00e3o Central potiguar"},"content":{"rendered":"\n<p>Dando prosseguimento \u00e0s a\u00e7\u00f5es da fiscaliza\u00e7\u00e3o junto \u00e0s prefeituras municipais, o CRA-RN esteve nas cidades de Cerro Cor\u00e1, Flor\u00e2nia, Jardim do Serid\u00f3, Parelhas e Santana do Serid\u00f3, na regi\u00e3o Central do estado.<\/p>\n<p>As a\u00e7\u00f5es de orienta\u00e7\u00e3o, sensibiliza\u00e7\u00e3o e fiscaliza\u00e7\u00e3o s\u00e3o realizadas pela coordenadora de fiscaliza\u00e7\u00e3o, Adm. Tatiana Costa Pinto e o fiscal, Adm. F\u00e1bio Maia.<\/p>\n<p>Com os representantes das gest\u00f5es municipais, a equipe tratou sobre a intensifica\u00e7\u00e3o das a\u00e7\u00f5es fiscalizat\u00f3rias sobre os contratos vigentes que envolvem servi\u00e7os do campo da Administra\u00e7\u00e3o, que, como previsto em Lei, as empresas s\u00e3o obrigadas a estarem regulares perante o CRA-RN.<\/p>\n<p>Tamb\u00e9m s\u00e3o desenvolvidas a\u00e7\u00f5es no sentido de acompanhar a composi\u00e7\u00e3o dos cargos comissionados, como meio de refor\u00e7ar a import\u00e2ncia da qualifica\u00e7\u00e3o t\u00e9cnica e da experi\u00eancia e ainda, s\u00e3o analisados os quadros de cargos efetivos, viabilizando, assim, a oportunidade de prever vagas para bachar\u00e9is em Administra\u00e7\u00e3o, Pol\u00edticas P\u00fablicas e Gest\u00e3o P\u00fablicas, al\u00e9m dos tecn\u00f3logos, com registro no Conselho.<\/p>\n<p>O Controlador Geral do munic\u00edpio de Cerro Cor\u00e1, Adm. Jaimar Jargas Rodrigues recebeu com alegria e entusiasmo a visita t\u00e9cnica da equipe do CRA-RN e destacou a oportunidade de estreitar os la\u00e7os entre a municipalidade e a autarquia. \u201cNa ocasi\u00e3o, pudemos fazer um breve relato sobre a Gest\u00e3o e ainda colocar o Conselho em sintonia com a nossa realidade nos v\u00e1rios pontos abordados.\u00a0 A visita n\u00e3o foi t\u00e3o somente fiscalizat\u00f3ria, mas tamb\u00e9m orientativa e altamente produtiva, fato que ensejou no convite para o CRA-RN voltar a nossa cidade para nos mostrar um pouco mais sobre IGM-CFA\u201d, confirmou.<\/p>\n<p>At\u00e9 o final de agosto, a fiscaliza\u00e7\u00e3o visitar\u00e1 os demais munic\u00edpios da regi\u00e3o Central.<\/p>\n<button class=\"simplefavorite-button\" data-postid=\"67010\" data-siteid=\"1\" data-groupid=\"1\" data-favoritecount=\"0\" style=\"\">Favorite <i class=\"sf-icon-star-empty\"><\/i><\/button>","protected":false},"excerpt":{"rendered":"<p>Dando prosseguimento \u00e0s a\u00e7\u00f5es da fiscaliza\u00e7\u00e3o junto \u00e0s prefeituras municipais, o CRA-RN esteve nas cidades de Cerro Cor\u00e1, Flor\u00e2nia, Jardim do Serid\u00f3, Parelhas e Santana do Serid\u00f3, na regi\u00e3o Central do estado. As a\u00e7\u00f5es de orienta\u00e7\u00e3o, sensibiliza\u00e7\u00e3o e fiscaliza\u00e7\u00e3o s\u00e3o realizadas pela coordenadora de fiscaliza\u00e7\u00e3o, Adm. Tatiana Costa Pinto e o fiscal, Adm. F\u00e1bio Maia.<a class=\"read-more\" href=\"https:\/\/crarn.org.br\/?p=67010\"> [&hellip;]<\/a><\/p>\n","protected":false},"author":26,"featured_media":67013,"comment_status":"closed","ping_status":"open","sticky":false,"template":"","format":"standard","meta":{"_price":"","_stock":"","_tribe_ticket_header":"","_tribe_default_ticket_provider":"","_tribe_ticket_capacity":"0","_ticket_start_date":"","_ticket_end_date":"","_tribe_ticket_show_description":"","_tribe_ticket_show_not_going":false,"_tribe_ticket_use_global_stock":"","_tribe_ticket_global_stock_level":"","_global_stock_mode":"","_global_stock_cap":"","_tribe_rsvp_for_event":"","_tribe_ticket_going_count":"","_tribe_ticket_not_going_count":"","_tribe_tickets_list":"[]","_tribe_ticket_has_attendee_info_fields":false,"footnotes":"","_links_to":"","_links_to_target":""},"categories":[580,310,320,399,309],"tags":[],"class_list":["post-67010","post","type-post","status-publish","format-standard","has-post-thumbnail","hentry","category-ano-2024","category-destaque-grande","category-home","category-institucional","category-ultimas-noticias","entry","has-media"],"_links":{"self":[{"href":"https:\/\/crarn.org.br\/index.php?rest_route=\/wp\/v2\/posts\/67010","targetHints":{"allow":["GET"]}}],"collection":[{"href":"https:\/\/crarn.org.br\/index.php?rest_route=\/wp\/v2\/posts"}],"about":[{"href":"https:\/\/crarn.org.br\/index.php?rest_route=\/wp\/v2\/types\/post"}],"author":[{"embeddable":true,"href":"https:\/\/crarn.org.br\/index.php?rest_route=\/wp\/v2\/users\/26"}],"replies":[{"embeddable":true,"href":"https:\/\/crarn.org.br\/index.php?rest_route=%2Fwp%2Fv2%2Fcomments&post=67010"}],"version-history":[{"count":2,"href":"https:\/\/crarn.org.br\/index.php?rest_route=\/wp\/v2\/posts\/67010\/revisions"}],"predecessor-version":[{"id":67014,"href":"https:\/\/crarn.org.br\/index.php?rest_route=\/wp\/v2\/posts\/67010\/revisions\/67014"}],"wp:featuredmedia":[{"embeddable":true,"href":"https:\/\/crarn.org.br\/index.php?rest_route=\/wp\/v2\/media\/67013"}],"wp:attachment":[{"href":"https:\/\/crarn.org.br\/index.php?rest_route=%2Fwp%2Fv2%2Fmedia&parent=67010"}],"wp:term":[{"taxonomy":"category","embeddable":true,"href":"https:\/\/crarn.org.br\/index.php?rest_route=%2Fwp%2Fv2%2Fcategories&post=67010"},{"taxonomy":"post_tag","embeddable":true,"href":"https:\/\/crarn.org.br\/index.php?rest_route=%2Fwp%2Fv2%2Ftags&post=67010"}],"curies":[{"name":"wp","href":"https:\/\/api.w.org\/{rel}","templated":true}]}}