{"id":66992,"date":"2024-08-06T12:59:35","date_gmt":"2024-08-06T15:59:35","guid":{"rendered":"https:\/\/crarn.org.br\/?p=66992"},"modified":"2024-08-06T13:03:32","modified_gmt":"2024-08-06T16:03:32","slug":"tecnologos-com-cra-que-atuam-como-peritos-judiciais-podem-se-cadastrar-no-sistema-sigeo-da-justica-do-trabalho","status":"publish","type":"post","link":"https:\/\/crarn.org.br\/?p=66992","title":{"rendered":"Tecn\u00f3logos com CRA que atuam como peritos judiciais podem se cadastrar no Sistema SIGEO da Justi\u00e7a do Trabalho"},"content":{"rendered":"\t\t<div data-elementor-type=\"wp-post\" data-elementor-id=\"66992\" class=\"elementor elementor-66992\">\n\t\t\t\t\t\t<section class=\"elementor-section elementor-top-section elementor-element elementor-element-7e1160da elementor-section-boxed elementor-section-height-default elementor-section-height-default\" data-id=\"7e1160da\" data-element_type=\"section\" data-e-type=\"section\">\n\t\t\t\t\t\t<div class=\"elementor-container elementor-column-gap-default\">\n\t\t\t\t\t<div class=\"elementor-column elementor-col-100 elementor-top-column elementor-element elementor-element-7b876aad\" data-id=\"7b876aad\" data-element_type=\"column\" data-e-type=\"column\">\n\t\t\t<div class=\"elementor-widget-wrap elementor-element-populated\">\n\t\t\t\t\t\t<div class=\"elementor-element elementor-element-4d46bb67 elementor-widget elementor-widget-text-editor\" data-id=\"4d46bb67\" data-element_type=\"widget\" data-e-type=\"widget\" data-widget_type=\"text-editor.default\">\n\t\t\t\t<div class=\"elementor-widget-container\">\n\t\t\t\t\t\t\t\t\t\n<p>Os tecn\u00f3logos do Sistema CFA\/CRAs conseguiram mais uma importante conquista. A partir de agora, ser\u00e1 poss\u00edvel se cadastrar no Sistema de Assist\u00eancia Judici\u00e1ria da Justi\u00e7a do Trabalho (AJ-JT) para participar como Perito Judicial. O sistema \u00e9 administrado pelo Conselho Superior da Justi\u00e7a do Trabalho, \u00f3rg\u00e3o interno do Tribunal Superior do Trabalho.\u00a0<\/p>\n<p>A resolu\u00e7\u00e3o editada pelo Conselho Superior da Justi\u00e7a do Trabalho permite o\u00a0cadastro desses profissionais no Sistema Sigeo do TST\/TRTS como Peritos Judiciais.<\/p>\n<p>Anteriormente,\u00a0em \u201cDados Profissionais\u201d do referido sistema, n\u00e3o aparecia o CRA como op\u00e7\u00e3o em \u201c\u00d3rg\u00e3o de Classe\u201d para os Tecn\u00f3logos em Seguran\u00e7a do Trabalho registrados, que tinham interesse em atuar na categoria de perito.\u00a0<\/p>\n<p>De acordo com o tecn\u00f3logo de seguran\u00e7a do trabalho, Everaldo Batista J\u00falio, a\u00a0 luta por essa reivindica\u00e7\u00e3o durou cerca de 4 anos e a conquista pode beneficiar os demais profissionais de administra\u00e7\u00e3o que atuam como peritos judiciais no \u00e2mbito da Justi\u00e7a do Trabalho.<\/p>\n<blockquote>\n<p>\u201cA inclus\u00e3o do CFA\/CRAS no Sistema Sigeo do TST\/TRTS \u00e9 de grande import\u00e2ncia para os profissionais da administra\u00e7\u00e3o bachar\u00e9is e tecn\u00f3logos, pois permite que os mesmos efetuem seus cadastros como peritos judiciais nos tribunais regionais do trabalho de todo o Brasil. Essa \u00e9 uma grande conquista n\u00e3o apenas para os Tecn\u00f3logos e Administradores mais para o judici\u00e1rio que passa a ter a sua disposi\u00e7\u00e3o os profissionais da administra\u00e7\u00e3o na produ\u00e7\u00e3o de provas t\u00e9cnicas. Para n\u00f3s Tecn\u00f3logos, e acredito que para os Administradores tamb\u00e9m, \u00e9 uma vit\u00f3ria da classe e para a classe\u201d.<\/p>\n<\/blockquote>\n<p><b>Reivindica\u00e7\u00f5es<\/b><br \/><br \/>O Conselho Federal de Administra\u00e7\u00e3o tamb\u00e9m participou de reuni\u00e3o em abril com o Conselho Nacional de Justi\u00e7a. O objetivo do encontro foi propor a cria\u00e7\u00e3o do Cadastro Nacional de Administrador Judicial e Administrador Perito, com o prop\u00f3sito de fornecer ao Poder Judici\u00e1rio profissionais habilitados ao exerc\u00edcio de atividades de per\u00edcia.<br \/><br \/>O CNJ possui a Resolu\u00e7\u00e3o n\u00ba 233, de julho de 2016, que criou o cadastro de profissionais e \u00f3rg\u00e3os t\u00e9cnicos e cient\u00edficos, no \u00e2mbito da justi\u00e7a de primeiro e segundo graus. Por isso, o CFA entrou em contato com o Conselho Nacional de Justi\u00e7a para buscar mais informa\u00e7\u00f5es sobre esse cadastro, assim como os requisitos necess\u00e1rios ao desenvolvimento dessa base de dados.\u00a0<\/p>\n<p>Mat\u00e9ria completa no link\u00a0<a href=\"https:\/\/cfa.org.br\/cfa-debate-criacao-do-cadastro-nacional-de-administrador-judicial-e-administrador-perito-com-o-cnj\/\" target=\"_blank\" rel=\"noopener\">(clique aqui)<\/a><\/p>\n<p>\u00a0<\/p>\n<p>*Com informa\u00e7\u00f5es do site do CFA<\/p>\n\t\t\t\t\t\t\t\t<\/div>\n\t\t\t\t<\/div>\n\t\t\t\t\t<\/div>\n\t\t<\/div>\n\t\t\t\t\t<\/div>\n\t\t<\/section>\n\t\t\t\t<section class=\"elementor-section elementor-top-section elementor-element elementor-element-2254afe elementor-section-boxed elementor-section-height-default elementor-section-height-default\" data-id=\"2254afe\" data-element_type=\"section\" data-e-type=\"section\">\n\t\t\t\t\t\t<div class=\"elementor-container elementor-column-gap-default\">\n\t\t\t\t\t<div class=\"elementor-column elementor-col-100 elementor-top-column elementor-element elementor-element-27da5ea\" data-id=\"27da5ea\" data-element_type=\"column\" data-e-type=\"column\">\n\t\t\t<div class=\"elementor-widget-wrap elementor-element-populated\">\n\t\t\t\t\t\t<div class=\"elementor-element elementor-element-0d6dbf7 elementor-widget elementor-widget-text-editor\" data-id=\"0d6dbf7\" data-element_type=\"widget\" data-e-type=\"widget\" data-widget_type=\"text-editor.default\">\n\t\t\t\t<div class=\"elementor-widget-container\">\n\t\t\t\t\t\t\t\t\t<p>Lorem ipsum dolor sit amet, consectetur adipiscing elit. Ut elit tellus, luctus nec ullamcorper mattis, pulvinar dapibus leo.<\/p>\t\t\t\t\t\t\t\t<\/div>\n\t\t\t\t<\/div>\n\t\t\t\t\t<\/div>\n\t\t<\/div>\n\t\t\t\t\t<\/div>\n\t\t<\/section>\n\t\t\t\t<\/div>\n\t\t<button class=\"simplefavorite-button\" data-postid=\"66992\" data-siteid=\"1\" data-groupid=\"1\" data-favoritecount=\"0\" style=\"\">Favorite <i class=\"sf-icon-star-empty\"><\/i><\/button>","protected":false},"excerpt":{"rendered":"<p>Os tecn\u00f3logos do Sistema CFA\/CRAs conseguiram mais uma importante conquista. A partir de agora, ser\u00e1 poss\u00edvel se cadastrar no Sistema de Assist\u00eancia Judici\u00e1ria da Justi\u00e7a do Trabalho (AJ-JT) para participar como Perito Judicial. O sistema \u00e9 administrado pelo Conselho Superior da Justi\u00e7a do Trabalho, \u00f3rg\u00e3o interno do Tribunal Superior do Trabalho.\u00a0 A resolu\u00e7\u00e3o editada pelo<a class=\"read-more\" href=\"https:\/\/crarn.org.br\/?p=66992\"> [&hellip;]<\/a><\/p>\n","protected":false},"author":26,"featured_media":66993,"comment_status":"closed","ping_status":"open","sticky":false,"template":"","format":"standard","meta":{"_price":"","_stock":"","_tribe_ticket_header":"","_tribe_default_ticket_provider":"","_tribe_ticket_capacity":"0","_ticket_start_date":"","_ticket_end_date":"","_tribe_ticket_show_description":"","_tribe_ticket_show_not_going":false,"_tribe_ticket_use_global_stock":"","_tribe_ticket_global_stock_level":"","_global_stock_mode":"","_global_stock_cap":"","_tribe_rsvp_for_event":"","_tribe_ticket_going_count":"","_tribe_ticket_not_going_count":"","_tribe_tickets_list":"[]","_tribe_ticket_has_attendee_info_fields":false,"footnotes":"","_links_to":"","_links_to_target":""},"categories":[580,312,320,399,309],"tags":[],"class_list":["post-66992","post","type-post","status-publish","format-standard","has-post-thumbnail","hentry","category-ano-2024","category-destaque-pequeno-inferior","category-home","category-institucional","category-ultimas-noticias","entry","has-media"],"_links":{"self":[{"href":"https:\/\/crarn.org.br\/index.php?rest_route=\/wp\/v2\/posts\/66992","targetHints":{"allow":["GET"]}}],"collection":[{"href":"https:\/\/crarn.org.br\/index.php?rest_route=\/wp\/v2\/posts"}],"about":[{"href":"https:\/\/crarn.org.br\/index.php?rest_route=\/wp\/v2\/types\/post"}],"author":[{"embeddable":true,"href":"https:\/\/crarn.org.br\/index.php?rest_route=\/wp\/v2\/users\/26"}],"replies":[{"embeddable":true,"href":"https:\/\/crarn.org.br\/index.php?rest_route=%2Fwp%2Fv2%2Fcomments&post=66992"}],"version-history":[{"count":4,"href":"https:\/\/crarn.org.br\/index.php?rest_route=\/wp\/v2\/posts\/66992\/revisions"}],"predecessor-version":[{"id":66997,"href":"https:\/\/crarn.org.br\/index.php?rest_route=\/wp\/v2\/posts\/66992\/revisions\/66997"}],"wp:featuredmedia":[{"embeddable":true,"href":"https:\/\/crarn.org.br\/index.php?rest_route=\/wp\/v2\/media\/66993"}],"wp:attachment":[{"href":"https:\/\/crarn.org.br\/index.php?rest_route=%2Fwp%2Fv2%2Fmedia&parent=66992"}],"wp:term":[{"taxonomy":"category","embeddable":true,"href":"https:\/\/crarn.org.br\/index.php?rest_route=%2Fwp%2Fv2%2Fcategories&post=66992"},{"taxonomy":"post_tag","embeddable":true,"href":"https:\/\/crarn.org.br\/index.php?rest_route=%2Fwp%2Fv2%2Ftags&post=66992"}],"curies":[{"name":"wp","href":"https:\/\/api.w.org\/{rel}","templated":true}]}}