{"id":66983,"date":"2024-08-01T16:15:43","date_gmt":"2024-08-01T19:15:43","guid":{"rendered":"https:\/\/crarn.org.br\/?p=66983"},"modified":"2024-08-01T16:27:11","modified_gmt":"2024-08-01T19:27:11","slug":"cras-divulgam-lista-final-do-colegio-eleitoral-para-as-eleicoes-cfa-cras","status":"publish","type":"post","link":"https:\/\/crarn.org.br\/?p=66983","title":{"rendered":"CRAs divulgam lista final do col\u00e9gio eleitoral para as elei\u00e7\u00f5es CFA\/CRAs"},"content":{"rendered":"\n<p>Os Conselhos Regionais de Administra\u00e7\u00e3o divulgaram a lista final com os nomes que comp\u00f5em o col\u00e9gio eleitoral. Est\u00e3o presentes os nomes dos profissionais de administra\u00e7\u00e3o que est\u00e3o aptos a participarem das elei\u00e7\u00f5es do Sistema CFA\/CRAs.<\/p>\n<p>\u00c9 importante ficar atento, porque os profissionais que n\u00e3o estiverem presentes na lista n\u00e3o v\u00e3o poder participar das elei\u00e7\u00f5es.<\/p>\n<p>No dia 30\/07 foi publicado o extrato das decis\u00f5es de julgamento, al\u00e9m da remessa pela Comiss\u00e3o Permanente Eleitoral do CFA das informa\u00e7\u00f5es sobre a vota\u00e7\u00e3o nas elei\u00e7\u00f5es aos profissionais de administra\u00e7\u00e3o adimplentes.<\/p>\n<p>A vota\u00e7\u00e3o ser\u00e1 realizada no dia 18 de setembro pelo site <a href=\"http:\/\/votaadministrador.org.br\">votaadministrador.org.br<\/a>. O voto \u00e9 obrigat\u00f3rio, mas s\u00f3 poder\u00e1 votar, o profissional que estiver com as anuidades quitadas ou regular junto ao parcelamento de d\u00e9bitos.<\/p>\n<p>S\u00f3 ser\u00e1 poss\u00edvel participar mediante senha individual fornecida pelo CFA aos Profissionais de Administra\u00e7\u00e3o adimplentes, integrantes do Col\u00e9gio Eleitoral constitu\u00eddo no dia 29\/07.<\/p>\n<p>Fiquem atentos ao portal eleitoral, onde tamb\u00e9m j\u00e1 est\u00e1 dispon\u00edvel a Cartilha Eleitoral 2024.<\/p>\n<p>O documento online traz todos os detalhes das elei\u00e7\u00f5es de uma forma f\u00e1cil, interativa e din\u00e2mica de entendimento. Na cartilha \u00e9 poss\u00edvel acompanhar todas as datas importantes e tamb\u00e9m saber todo o passo a passo para a realiza\u00e7\u00e3o do pleito.<\/p>\n<p>Nesta elei\u00e7\u00e3o, um ter\u00e7o dos cargos de conselheiros federais e regionais referem-se a vagas obrigat\u00f3rias, com mandato de 4 anos, sendo vagas para preenchimento de mandato de Conselheiros Efetivos e seus respectivos suplentes.<\/p>\n<p>Confira a lista do Col\u00e9gio Eleitoral em\u00a0<a href=\"https:\/\/bit.ly\/3SaWC6r\">https:\/\/bit.ly\/3SaWC6r<\/a><\/p>\n<p>\u00a0<\/p>\n<p>*Com informa\u00e7\u00f5es da Assessoria de Comunica\u00e7\u00e3o CFA<\/p>\n<button class=\"simplefavorite-button\" data-postid=\"66983\" data-siteid=\"1\" data-groupid=\"1\" data-favoritecount=\"0\" style=\"\">Favorite <i class=\"sf-icon-star-empty\"><\/i><\/button>","protected":false},"excerpt":{"rendered":"<p>Os Conselhos Regionais de Administra\u00e7\u00e3o divulgaram a lista final com os nomes que comp\u00f5em o col\u00e9gio eleitoral. Est\u00e3o presentes os nomes dos profissionais de administra\u00e7\u00e3o que est\u00e3o aptos a participarem das elei\u00e7\u00f5es do Sistema CFA\/CRAs. \u00c9 importante ficar atento, porque os profissionais que n\u00e3o estiverem presentes na lista n\u00e3o v\u00e3o poder participar das elei\u00e7\u00f5es. No<a class=\"read-more\" href=\"https:\/\/crarn.org.br\/?p=66983\"> [&hellip;]<\/a><\/p>\n","protected":false},"author":26,"featured_media":66984,"comment_status":"closed","ping_status":"open","sticky":false,"template":"","format":"standard","meta":{"_price":"","_stock":"","_tribe_ticket_header":"","_tribe_default_ticket_provider":"","_tribe_ticket_capacity":"0","_ticket_start_date":"","_ticket_end_date":"","_tribe_ticket_show_description":"","_tribe_ticket_show_not_going":false,"_tribe_ticket_use_global_stock":"","_tribe_ticket_global_stock_level":"","_global_stock_mode":"","_global_stock_cap":"","_tribe_rsvp_for_event":"","_tribe_ticket_going_count":"","_tribe_ticket_not_going_count":"","_tribe_tickets_list":"[]","_tribe_ticket_has_attendee_info_fields":false,"footnotes":"","_links_to":"","_links_to_target":""},"categories":[580,310,400,320,399,309],"tags":[],"class_list":["post-66983","post","type-post","status-publish","format-standard","has-post-thumbnail","hentry","category-ano-2024","category-destaque-grande","category-eleicoes-do-sistema-cfa-cras","category-home","category-institucional","category-ultimas-noticias","entry","has-media"],"_links":{"self":[{"href":"https:\/\/crarn.org.br\/index.php?rest_route=\/wp\/v2\/posts\/66983","targetHints":{"allow":["GET"]}}],"collection":[{"href":"https:\/\/crarn.org.br\/index.php?rest_route=\/wp\/v2\/posts"}],"about":[{"href":"https:\/\/crarn.org.br\/index.php?rest_route=\/wp\/v2\/types\/post"}],"author":[{"embeddable":true,"href":"https:\/\/crarn.org.br\/index.php?rest_route=\/wp\/v2\/users\/26"}],"replies":[{"embeddable":true,"href":"https:\/\/crarn.org.br\/index.php?rest_route=%2Fwp%2Fv2%2Fcomments&post=66983"}],"version-history":[{"count":2,"href":"https:\/\/crarn.org.br\/index.php?rest_route=\/wp\/v2\/posts\/66983\/revisions"}],"predecessor-version":[{"id":66987,"href":"https:\/\/crarn.org.br\/index.php?rest_route=\/wp\/v2\/posts\/66983\/revisions\/66987"}],"wp:featuredmedia":[{"embeddable":true,"href":"https:\/\/crarn.org.br\/index.php?rest_route=\/wp\/v2\/media\/66984"}],"wp:attachment":[{"href":"https:\/\/crarn.org.br\/index.php?rest_route=%2Fwp%2Fv2%2Fmedia&parent=66983"}],"wp:term":[{"taxonomy":"category","embeddable":true,"href":"https:\/\/crarn.org.br\/index.php?rest_route=%2Fwp%2Fv2%2Fcategories&post=66983"},{"taxonomy":"post_tag","embeddable":true,"href":"https:\/\/crarn.org.br\/index.php?rest_route=%2Fwp%2Fv2%2Ftags&post=66983"}],"curies":[{"name":"wp","href":"https:\/\/api.w.org\/{rel}","templated":true}]}}