{"id":66966,"date":"2024-07-30T13:31:47","date_gmt":"2024-07-30T16:31:47","guid":{"rendered":"https:\/\/crarn.org.br\/?p=66966"},"modified":"2024-07-30T13:31:49","modified_gmt":"2024-07-30T16:31:49","slug":"adm-na-pratica-traz-o-tema-casos-de-decisao-construindo-com-chatgpt","status":"publish","type":"post","link":"https:\/\/crarn.org.br\/?p=66966","title":{"rendered":"ADM na Pr\u00e1tica traz o tema \u201cCasos de Decis\u00e3o: construindo com ChatGPT\u201d"},"content":{"rendered":"\n<p>A pr\u00f3xima oficina do projeto ADM na Pr\u00e1tica ser\u00e1 realizada online e gratuitamente, no dia 27 de agosto.<\/p>\n\n\n\n<p>O tema \u201cCasos de Decis\u00e3o: construindo com ChatGPT\u201d, ser\u00e1 apresentado pela Professora Titular do DEPAD\/UFRN e Diretora de Forma\u00e7\u00e3o Profissional do CRA-RN, Adm. Dra. Maria Val\u00e9ria Pereira de Ara\u00fajo e pelo Professor do PPGA\/UFRN, Dr. Max Leandro de Ara\u00fajo Brito.<\/p>\n\n\n\n<p>Fa\u00e7a logo a inscri\u00e7\u00e3o pelo link https:\/\/bit.ly\/3WwGI97 e garanta a sua vaga.<\/p>\n\n\n\n\n\n<p>ADM na Pr\u00e1tica<br>Tema: Casos de Decis\u00e3o: construindo com ChatGPT<br>Data: 27\/08<br>Hor\u00e1rio: 19h30 \u00e0s 21h30<br>Evento on-line \u2013 Gratuito<\/p>\n\n\n<button class=\"simplefavorite-button\" data-postid=\"66966\" data-siteid=\"1\" data-groupid=\"1\" data-favoritecount=\"0\" style=\"\">Favorite <i class=\"sf-icon-star-empty\"><\/i><\/button>","protected":false},"excerpt":{"rendered":"<p>A pr\u00f3xima oficina do projeto ADM na Pr\u00e1tica ser\u00e1 realizada online e gratuitamente, no dia 27 de agosto. O tema \u201cCasos de Decis\u00e3o: construindo com ChatGPT\u201d, ser\u00e1 apresentado pela Professora Titular do DEPAD\/UFRN e Diretora de Forma\u00e7\u00e3o Profissional do CRA-RN, Adm. Dra. Maria Val\u00e9ria Pereira de Ara\u00fajo e pelo Professor do PPGA\/UFRN, Dr. Max Leandro<a class=\"read-more\" href=\"https:\/\/crarn.org.br\/?p=66966\"> [&hellip;]<\/a><\/p>\n","protected":false},"author":26,"featured_media":66967,"comment_status":"closed","ping_status":"open","sticky":false,"template":"","format":"standard","meta":{"_price":"","_stock":"","_tribe_ticket_header":"","_tribe_default_ticket_provider":"","_tribe_ticket_capacity":"0","_ticket_start_date":"","_ticket_end_date":"","_tribe_ticket_show_description":"","_tribe_ticket_show_not_going":false,"_tribe_ticket_use_global_stock":"","_tribe_ticket_global_stock_level":"","_global_stock_mode":"","_global_stock_cap":"","_tribe_rsvp_for_event":"","_tribe_ticket_going_count":"","_tribe_ticket_not_going_count":"","_tribe_tickets_list":"[]","_tribe_ticket_has_attendee_info_fields":false,"footnotes":"","_links_to":"","_links_to_target":""},"categories":[580,310,320,399,309],"tags":[],"class_list":["post-66966","post","type-post","status-publish","format-standard","has-post-thumbnail","hentry","category-ano-2024","category-destaque-grande","category-home","category-institucional","category-ultimas-noticias","entry","has-media"],"_links":{"self":[{"href":"https:\/\/crarn.org.br\/index.php?rest_route=\/wp\/v2\/posts\/66966","targetHints":{"allow":["GET"]}}],"collection":[{"href":"https:\/\/crarn.org.br\/index.php?rest_route=\/wp\/v2\/posts"}],"about":[{"href":"https:\/\/crarn.org.br\/index.php?rest_route=\/wp\/v2\/types\/post"}],"author":[{"embeddable":true,"href":"https:\/\/crarn.org.br\/index.php?rest_route=\/wp\/v2\/users\/26"}],"replies":[{"embeddable":true,"href":"https:\/\/crarn.org.br\/index.php?rest_route=%2Fwp%2Fv2%2Fcomments&post=66966"}],"version-history":[{"count":2,"href":"https:\/\/crarn.org.br\/index.php?rest_route=\/wp\/v2\/posts\/66966\/revisions"}],"predecessor-version":[{"id":66969,"href":"https:\/\/crarn.org.br\/index.php?rest_route=\/wp\/v2\/posts\/66966\/revisions\/66969"}],"wp:featuredmedia":[{"embeddable":true,"href":"https:\/\/crarn.org.br\/index.php?rest_route=\/wp\/v2\/media\/66967"}],"wp:attachment":[{"href":"https:\/\/crarn.org.br\/index.php?rest_route=%2Fwp%2Fv2%2Fmedia&parent=66966"}],"wp:term":[{"taxonomy":"category","embeddable":true,"href":"https:\/\/crarn.org.br\/index.php?rest_route=%2Fwp%2Fv2%2Fcategories&post=66966"},{"taxonomy":"post_tag","embeddable":true,"href":"https:\/\/crarn.org.br\/index.php?rest_route=%2Fwp%2Fv2%2Ftags&post=66966"}],"curies":[{"name":"wp","href":"https:\/\/api.w.org\/{rel}","templated":true}]}}