{"id":66941,"date":"2024-07-19T13:43:07","date_gmt":"2024-07-19T16:43:07","guid":{"rendered":"https:\/\/crarn.org.br\/?p=66941"},"modified":"2024-07-19T16:37:53","modified_gmt":"2024-07-19T19:37:53","slug":"cras-divulgam-nomes-que-compoem-o-colegio-eleitoral","status":"publish","type":"post","link":"https:\/\/crarn.org.br\/?p=66941","title":{"rendered":"CRAs divulgam nomes que comp\u00f5em o col\u00e9gio eleitoral"},"content":{"rendered":"\n<header class=\"entry-header clr\"><\/header>\n<div class=\"entry-content clr\">\n<p>Os Conselhos Regionais de Administra\u00e7\u00e3o divulgam hoje a lista com os nomes que comp\u00f5em o col\u00e9gio eleitoral. Estar\u00e3o presentes os nomes dos candidatos que est\u00e3o aptos a participarem das elei\u00e7\u00f5es do Sistema CFA\/CRAs.\u00a0<\/p>\n<p>\u00c9 importante estar atento a este momento, j\u00e1 que os candidatos que n\u00e3o estiverem presentes na lista precisam regularizar a situa\u00e7\u00e3o. Para isso, eles ter\u00e3o at\u00e9 o dia 28\/07 para procurar o regional e solicitar o ajuste da rela\u00e7\u00e3o de adimplentes, por requerimento do registrado, deferido pelo CRA, ou por revis\u00e3o do pr\u00f3prio CRA.<\/p>\n<p>As comiss\u00f5es permanentes eleitorais dos Conselhos Regionais v\u00e3o fazer a an\u00e1lise da regulariza\u00e7\u00e3o. A lista final do Col\u00e9gio Eleitoral ser\u00e1 inserida no sistema eletr\u00f4nico eleitoral no dia 29\/07.\u00a0<\/p>\n<blockquote>\n<p><b><i>Elei\u00e7\u00f5es CFA\/CRAs<\/i><\/b><\/p>\n<\/blockquote>\n<p>O voto \u00e9 obrigat\u00f3rio e o profissional precisa estar com as anuidades quitadas ou estar regular junto ao parcelamento de d\u00e9bitos. De acordo com o edital de convoca\u00e7\u00e3o, a vota\u00e7\u00e3o ocorrer\u00e1 no dia 18 de setembro. S\u00f3 ser\u00e1 poss\u00edvel participar mediante senha individual fornecida pelo CFA aos Profissionais de Administra\u00e7\u00e3o adimplentes, integrantes do Col\u00e9gio Eleitoral constitu\u00eddo no dia 29\/07.<\/p>\n<p>Nesta elei\u00e7\u00e3o, um ter\u00e7o dos cargos de conselheiros federais e regionais referem-se a vagas obrigat\u00f3rias, com mandato de 4 anos, sendo vagas para preenchimento de mandato de Conselheiros Efetivos e seus respectivos suplentes.<\/p>\n<p>As chapas indicar\u00e3o os candidatos para renova\u00e7\u00e3o dos mandatos efetivos e os seus respectivos suplentes, sendo tr\u00eas efetivos e tr\u00eas suplentes. Com exce\u00e7\u00e3o dos regionais do Distrito Federal; Minas Gerais; Rio de Janeiro; e Rio Grande do Sul, em que ser\u00e3o quatro efetivos e quatro suplentes.<\/p>\n<blockquote>\n<p><b><i>Site<\/i><\/b><\/p>\n<\/blockquote>\n<p>Ser\u00e1 por meio do votaadministrador.org.br que todo o processo eleitoral deste ano ser\u00e1 realizado. Por isso, \u00e9 importante acessar e ficar atento ao portal eleitoral. O p\u00fablico tamb\u00e9m j\u00e1 tem acesso \u00e0 Cartilha Eleitoral 2024.\u00a0<\/p>\n<p>O documento online traz todos os detalhes das elei\u00e7\u00f5es de uma forma f\u00e1cil, interativa e din\u00e2mica de entendimento. Na cartilha \u00e9 poss\u00edvel acompanhar todas as datas importantes e tamb\u00e9m saber todo o passo a passo para a realiza\u00e7\u00e3o do pleito.<\/p>\n<\/div>\n<p>Aten\u00e7\u00e3o<\/p>\n<p>Os profissionais devem conferir se o nome consta na lista atrav\u00e9s do link <a href=\"https:\/\/bit.ly\/3SaWC6r\">https:\/\/bit.ly\/3SaWC6r<\/a>. Caso estejam em dia com o CRA-RN e o nome n\u00e3o estiver constando no Col\u00e9gio Eleitoral, \u00e9 preciso enviar um requerimento via e-mail para <a href=\"mailto:cra-rn@cra.org.br\">cra-rn@cra.org.br<\/a>, solicitando a inclus\u00e3o.<\/p>\n<div class=\"entry-content clr\">\n<p>\u00a0<\/p>\n<p>Rodrigo Miranda<br \/>Assessoria de Comunica\u00e7\u00e3o CFA<\/p>\n<\/div>\n<button class=\"simplefavorite-button\" data-postid=\"66941\" data-siteid=\"1\" data-groupid=\"1\" data-favoritecount=\"0\" style=\"\">Favorite <i class=\"sf-icon-star-empty\"><\/i><\/button>","protected":false},"excerpt":{"rendered":"<p>Os Conselhos Regionais de Administra\u00e7\u00e3o divulgam hoje a lista com os nomes que comp\u00f5em o col\u00e9gio eleitoral. Estar\u00e3o presentes os nomes dos candidatos que est\u00e3o aptos a participarem das elei\u00e7\u00f5es do Sistema CFA\/CRAs.\u00a0 \u00c9 importante estar atento a este momento, j\u00e1 que os candidatos que n\u00e3o estiverem presentes na lista precisam regularizar a situa\u00e7\u00e3o. Para<a class=\"read-more\" href=\"https:\/\/crarn.org.br\/?p=66941\"> [&hellip;]<\/a><\/p>\n","protected":false},"author":26,"featured_media":66942,"comment_status":"closed","ping_status":"open","sticky":true,"template":"","format":"standard","meta":{"_price":"","_stock":"","_tribe_ticket_header":"","_tribe_default_ticket_provider":"","_tribe_ticket_capacity":"0","_ticket_start_date":"","_ticket_end_date":"","_tribe_ticket_show_description":"","_tribe_ticket_show_not_going":false,"_tribe_ticket_use_global_stock":"","_tribe_ticket_global_stock_level":"","_global_stock_mode":"","_global_stock_cap":"","_tribe_rsvp_for_event":"","_tribe_ticket_going_count":"","_tribe_ticket_not_going_count":"","_tribe_tickets_list":"[]","_tribe_ticket_has_attendee_info_fields":false,"footnotes":"","_links_to":"","_links_to_target":""},"categories":[580,310,320,399,309],"tags":[],"class_list":["post-66941","post","type-post","status-publish","format-standard","has-post-thumbnail","hentry","category-ano-2024","category-destaque-grande","category-home","category-institucional","category-ultimas-noticias","entry","has-media"],"_links":{"self":[{"href":"https:\/\/crarn.org.br\/index.php?rest_route=\/wp\/v2\/posts\/66941","targetHints":{"allow":["GET"]}}],"collection":[{"href":"https:\/\/crarn.org.br\/index.php?rest_route=\/wp\/v2\/posts"}],"about":[{"href":"https:\/\/crarn.org.br\/index.php?rest_route=\/wp\/v2\/types\/post"}],"author":[{"embeddable":true,"href":"https:\/\/crarn.org.br\/index.php?rest_route=\/wp\/v2\/users\/26"}],"replies":[{"embeddable":true,"href":"https:\/\/crarn.org.br\/index.php?rest_route=%2Fwp%2Fv2%2Fcomments&post=66941"}],"version-history":[{"count":2,"href":"https:\/\/crarn.org.br\/index.php?rest_route=\/wp\/v2\/posts\/66941\/revisions"}],"predecessor-version":[{"id":66949,"href":"https:\/\/crarn.org.br\/index.php?rest_route=\/wp\/v2\/posts\/66941\/revisions\/66949"}],"wp:featuredmedia":[{"embeddable":true,"href":"https:\/\/crarn.org.br\/index.php?rest_route=\/wp\/v2\/media\/66942"}],"wp:attachment":[{"href":"https:\/\/crarn.org.br\/index.php?rest_route=%2Fwp%2Fv2%2Fmedia&parent=66941"}],"wp:term":[{"taxonomy":"category","embeddable":true,"href":"https:\/\/crarn.org.br\/index.php?rest_route=%2Fwp%2Fv2%2Fcategories&post=66941"},{"taxonomy":"post_tag","embeddable":true,"href":"https:\/\/crarn.org.br\/index.php?rest_route=%2Fwp%2Fv2%2Ftags&post=66941"}],"curies":[{"name":"wp","href":"https:\/\/api.w.org\/{rel}","templated":true}]}}